{"id":60100,"date":"2025-11-27T19:53:12","date_gmt":"2025-11-27T19:53:12","guid":{"rendered":"https:\/\/www.europesays.com\/lv\/60100\/"},"modified":"2025-11-27T19:53:12","modified_gmt":"2025-11-27T19:53:12","slug":"kulbergs-ievelets-par-rigas-siltumapgades-sadardzinajuma-parlamentaras-izmeklesanas-komisijas-priekssedetaju","status":"publish","type":"post","link":"https:\/\/www.europesays.com\/lv\/60100\/","title":{"rendered":"Kulbergs iev\u0113l\u0113ts par R\u012bgas siltumapg\u0101des sad\u0101rdzin\u0101juma parlament\u0101r\u0101s izmekl\u0113\u0161anas komisijas priek\u0161s\u0113d\u0113t\u0101ju"},"content":{"rendered":"<p>Komisijai b\u016bs j\u0101noskaidro, vai past\u0101v sistem\u0101tiskas nepiln\u012bbas, kas veicina sad\u0101rdzin\u0101jumu un apdraud ener\u0123\u0113tisko dro\u0161\u012bbu n\u0101kotn\u0113, teikts l\u0113mum\u0101 par parlament\u0101r\u0101s izmekl\u0113\u0161anas komisijas izveidi.<\/p>\n<p>Jau zi\u0146ots, ka \u0161ovasar tika kritiz\u0113ti &#8220;R\u012bgas siltuma&#8221; pl\u0101ni ruden\u012b celt siltuma tarifus.<\/p>\n<p>S\u0101kotn\u0113ji regulatoram iesniegtais &#8220;R\u012bgas siltuma&#8221; siltumener\u0123ijas tarifs ar neparedz\u0113to izdevumu komponenti 2,05 eiro apm\u0113r\u0101 par megavatstundu (MWh) paredz\u0113ja k\u0101pumu par 21,5% &#8211; l\u012bdz 90,15 eiro par MWh. Ta\u010du p\u0113c tarifa p\u0101rv\u0113rt\u0113\u0161anas &#8220;R\u012bgas siltuma&#8221; siltumener\u0123ijas tarifs no \u0161\u0101 gada 1. oktobra pieauga par 11,9%, sasniedzot 83,01 eiro par MWh.<\/p>\n<p>Lai nodro\u0161in\u0101tu caursp\u012bd\u012bgu un ekonomiski pamatotu siltumener\u0123ijas cenu R\u012bgas iedz\u012bvot\u0101jiem, &#8220;Jaun\u0101s vienot\u012bbas&#8221; (JV) Saeimas frakcija sagatavojusi Ener\u0123\u0113tikas likuma groz\u012bjumu projektu, kas paredz ieviest regul\u0113tu tarifu neatkar\u012bgajiem siltumener\u0123ijas ra\u017eot\u0101jiem R\u012bg\u0101.<\/p>\n<p>Likumprojekts tapis, rea\u0123\u0113jot uz situ\u0101ciju R\u012bgas siltumener\u0123ijas tirg\u016b, kur atsevi\u0161\u0137os periodos, kad nav konkurences, siltumener\u0123ijas cenas ir b\u016btiski paaugstin\u0101ju\u0161\u0101s, \u013caujot atsevi\u0161\u0137iem uz\u0146\u0113mumiem g\u016bt lielu pe\u013c\u0146u.<\/p>\n<p>Jaunais regul\u0113jums noteiks, ka neatkar\u012bgais siltumener\u0123ijas ra\u017eot\u0101js, kas p\u0101rdod vair\u0101k nek\u0101 divu miljonu megavatstundu siltumener\u0123iju lielam siltumapg\u0101des sist\u0113mas operatoram, piem\u0113ram, AS &#8220;R\u012bgas siltums&#8221;, nedr\u012bkst\u0113s p\u0101rdot to par cenu, kas p\u0101rsniedz Sabiedrisko pakalpojumu regul\u0113\u0161anas komisijas (SPRK) noteikto tarifu.<\/p>\n<p>Ja l\u012bdz 2026. gada 31. augustam uz\u0146\u0113mumam neb\u016bs noteikts tarifs, tas zaud\u0113s ties\u012bbas piedal\u012bties siltumener\u0123ijas iepirkumos, l\u012bdz tarifs tiks apstiprin\u0101ts. Tarifu izstr\u0101di un apstiprin\u0101\u0161anu nodro\u0161in\u0101s SPRK.<\/p>\n<p>2024. gad\u0101 neatkar\u012bgo siltumener\u0123ijas ra\u017eot\u0101ju, kas pieg\u0101d\u0101 ener\u0123iju AS &#8220;R\u012bgas siltums&#8221;, pe\u013c\u0146as r\u0101d\u012bt\u0101ji sasniedza iev\u0113rojamus l\u012bme\u0146us &#8211; vair\u0101kiem uz\u0146\u0113mumiem rentabilit\u0101te p\u0101rsniedza 15%, atsevi\u0161\u0137iem ra\u017eot\u0101jiem sasniedzot gandr\u012bz 30%, skaidroja frakcij\u0101.<\/p>\n","protected":false},"excerpt":{"rendered":"Komisijai b\u016bs j\u0101noskaidro, vai past\u0101v sistem\u0101tiskas nepiln\u012bbas, kas veicina sad\u0101rdzin\u0101jumu un apdraud ener\u0123\u0113tisko dro\u0161\u012bbu n\u0101kotn\u0113, teikts l\u0113mum\u0101 par&hellip;\n","protected":false},"author":2,"featured_media":60101,"comment_status":"","ping_status":"","sticky":false,"template":"","format":"standard","meta":{"footnotes":""},"categories":[12],"tags":[23,13248,28,29,32,33,22,30,31,35,39,38,36,37,34,40,20,26,27,141,24,25,21],"class_list":{"0":"post-60100","1":"post","2":"type-post","3":"status-publish","4":"format-standard","5":"has-post-thumbnail","7":"category-latvija","8":"tag-aktualitates","9":"tag-andris-kulbergs","10":"tag-breaking-news","11":"tag-breakingnews","12":"tag-featured-news","13":"tag-featurednews","14":"tag-headlines","15":"tag-latest-news","16":"tag-latestnews","17":"tag-latvia","18":"tag-latvian","19":"tag-latviesu","20":"tag-latviesu-valoda","21":"tag-latviesuvaloda","22":"tag-latvija","23":"tag-lv","24":"tag-news","25":"tag-popularakas-zinas","26":"tag-popularakaszinas","27":"tag-saeima","28":"tag-top-stories","29":"tag-topstories","30":"tag-zinas"},"share_on_mastodon":{"url":"https:\/\/pubeurope.com\/@lv\/115623415217053021","error":""},"_links":{"self":[{"href":"https:\/\/www.europesays.com\/lv\/wp-json\/wp\/v2\/posts\/60100","targetHints":{"allow":["GET"]}}],"collection":[{"href":"https:\/\/www.europesays.com\/lv\/wp-json\/wp\/v2\/posts"}],"about":[{"href":"https:\/\/www.europesays.com\/lv\/wp-json\/wp\/v2\/types\/post"}],"author":[{"embeddable":true,"href":"https:\/\/www.europesays.com\/lv\/wp-json\/wp\/v2\/users\/2"}],"replies":[{"embeddable":true,"href":"https:\/\/www.europesays.com\/lv\/wp-json\/wp\/v2\/comments?post=60100"}],"version-history":[{"count":0,"href":"https:\/\/www.europesays.com\/lv\/wp-json\/wp\/v2\/posts\/60100\/revisions"}],"wp:featuredmedia":[{"embeddable":true,"href":"https:\/\/www.europesays.com\/lv\/wp-json\/wp\/v2\/media\/60101"}],"wp:attachment":[{"href":"https:\/\/www.europesays.com\/lv\/wp-json\/wp\/v2\/media?parent=60100"}],"wp:term":[{"taxonomy":"category","embeddable":true,"href":"https:\/\/www.europesays.com\/lv\/wp-json\/wp\/v2\/categories?post=60100"},{"taxonomy":"post_tag","embeddable":true,"href":"https:\/\/www.europesays.com\/lv\/wp-json\/wp\/v2\/tags?post=60100"}],"curies":[{"name":"wp","href":"https:\/\/api.w.org\/{rel}","templated":true}]}}