{"id":60104,"date":"2025-11-27T20:11:08","date_gmt":"2025-11-27T20:11:08","guid":{"rendered":"https:\/\/www.europesays.com\/lv\/60104\/"},"modified":"2025-11-27T20:11:08","modified_gmt":"2025-11-27T20:11:08","slug":"cik-izmaksajis-jelgavas-ziemassvetku-noformejums","status":"publish","type":"post","link":"https:\/\/www.europesays.com\/lv\/60104\/","title":{"rendered":"Cik izmaks\u0101jis Jelgavas Ziemassv\u0113tku noform\u0113jums?"},"content":{"rendered":"<p>Pirmaj\u0101 advent\u0113, 30. novembr\u012b, plkst. 17 Jelgav\u0101, Hercoga J\u0113kaba laukum\u0101, iedegs 18 metrus augsto sv\u0113tku egli. Savuk\u0101rt jau no plkst. 14 apmekl\u0113t\u0101jus gaid\u012bs tradicion\u0101lais Ziemassv\u0113tku ieska\u0146as tirdzi\u0146\u0161.<\/p>\n<p>Egles iedeg\u0161anas pas\u0101kums s\u0101ksies ar te\u0101tra izr\u0101di &#8220;K\u0101 r\u016b\u0137i b\u016bra Ziemassv\u0113tkus&#8221; &#8211; st\u0101stu par \u010detriem r\u016b\u0137iem, kuri ar da\u017e\u0101du burvest\u012bbu pal\u012bdz\u012bbu m\u0113\u0123ina iedegt Ziemassv\u0113tku egl\u012bti.<\/p>\n<p>Notiks ar\u012b Ziemassv\u0113tku ieska\u0146as tirdzi\u0146\u0161. M\u0101jra\u017eot\u0101ji un amatnieki pied\u0101v\u0101s ieg\u0101d\u0101ties egl\u012btes, sveces, adventes vainagus, Ziemassv\u0113tku rot\u0101jumus, ad\u012bjumus, karstos dz\u0113rienus, pipark\u016bkas un citus gardumus.<\/p>\n<p>Egles iedeg\u0161anas pas\u0101kuma un sv\u0113tku tirdzi\u0146a laik\u0101 iedz\u012bvot\u0101jiem j\u0101r\u0113\u0137in\u0101s ar satiksmes ierobe\u017eojumiem Hercoga J\u0113kaba laukuma apk\u0101rtn\u0113. 30. novembr\u012b no plkst. 16.30 l\u012bdz 18 satiksmei b\u016bs sl\u0113gts Liel\u0101s ielas posms no Akad\u0113mijas ielas krustojuma l\u012bdz Pasta ielas krustojumam.<\/p>\n<p>Pa\u0161vald\u012bbas iest\u0101d\u0113 &#8220;Pils\u0113tsaimniec\u012bba&#8221; nor\u0101da, ka ar\u012b \u0161ogad pils\u0113tas liel\u0101s egles augstums ir 18 metri un konstrukciju veido vair\u0101k nek\u0101 30 maz\u0101kas egl\u012btes. Egl\u0113 mirdz\u0113s dekori p\u0113r\u013cu, zelta un br\u016bn\u0101 kr\u0101s\u0101, stiliz\u0113ti akanti, silti baltas LED gaismi\u0146u virtenes, un to vertik\u0101li izgaismos \u010detri pro\u017eektori.<\/p>\n","protected":false},"excerpt":{"rendered":"Pirmaj\u0101 advent\u0113, 30. novembr\u012b, plkst. 17 Jelgav\u0101, Hercoga J\u0113kaba laukum\u0101, iedegs 18 metrus augsto sv\u0113tku egli. Savuk\u0101rt jau&hellip;\n","protected":false},"author":2,"featured_media":60105,"comment_status":"","ping_status":"","sticky":false,"template":"","format":"standard","meta":{"footnotes":""},"categories":[12],"tags":[23,28,29,32,33,22,1355,30,31,35,39,38,36,37,34,40,20,26,27,24,25,9687,21],"class_list":{"0":"post-60104","1":"post","2":"type-post","3":"status-publish","4":"format-standard","5":"has-post-thumbnail","7":"category-latvija","8":"tag-aktualitates","9":"tag-breaking-news","10":"tag-breakingnews","11":"tag-featured-news","12":"tag-featurednews","13":"tag-headlines","14":"tag-jelgava","15":"tag-latest-news","16":"tag-latestnews","17":"tag-latvia","18":"tag-latvian","19":"tag-latviesu","20":"tag-latviesu-valoda","21":"tag-latviesuvaloda","22":"tag-latvija","23":"tag-lv","24":"tag-news","25":"tag-popularakas-zinas","26":"tag-popularakaszinas","27":"tag-top-stories","28":"tag-topstories","29":"tag-ziemassvetki","30":"tag-zinas"},"share_on_mastodon":{"url":"https:\/\/pubeurope.com\/@lv\/115623486129534782","error":""},"_links":{"self":[{"href":"https:\/\/www.europesays.com\/lv\/wp-json\/wp\/v2\/posts\/60104","targetHints":{"allow":["GET"]}}],"collection":[{"href":"https:\/\/www.europesays.com\/lv\/wp-json\/wp\/v2\/posts"}],"about":[{"href":"https:\/\/www.europesays.com\/lv\/wp-json\/wp\/v2\/types\/post"}],"author":[{"embeddable":true,"href":"https:\/\/www.europesays.com\/lv\/wp-json\/wp\/v2\/users\/2"}],"replies":[{"embeddable":true,"href":"https:\/\/www.europesays.com\/lv\/wp-json\/wp\/v2\/comments?post=60104"}],"version-history":[{"count":0,"href":"https:\/\/www.europesays.com\/lv\/wp-json\/wp\/v2\/posts\/60104\/revisions"}],"wp:featuredmedia":[{"embeddable":true,"href":"https:\/\/www.europesays.com\/lv\/wp-json\/wp\/v2\/media\/60105"}],"wp:attachment":[{"href":"https:\/\/www.europesays.com\/lv\/wp-json\/wp\/v2\/media?parent=60104"}],"wp:term":[{"taxonomy":"category","embeddable":true,"href":"https:\/\/www.europesays.com\/lv\/wp-json\/wp\/v2\/categories?post=60104"},{"taxonomy":"post_tag","embeddable":true,"href":"https:\/\/www.europesays.com\/lv\/wp-json\/wp\/v2\/tags?post=60104"}],"curies":[{"name":"wp","href":"https:\/\/api.w.org\/{rel}","templated":true}]}}