{"id":60151,"date":"2025-11-27T22:06:12","date_gmt":"2025-11-27T22:06:12","guid":{"rendered":"https:\/\/www.europesays.com\/lv\/60151\/"},"modified":"2025-11-27T22:06:12","modified_gmt":"2025-11-27T22:06:12","slug":"pirma-starptautiska-federacija-atlavusi-krievijas-sportistiem-startet-zem-sava-karoga","status":"publish","type":"post","link":"https:\/\/www.europesays.com\/lv\/60151\/","title":{"rendered":"Pirm\u0101 starptautisk\u0101 feder\u0101cija at\u013c\u0101vusi Krievijas sportistiem start\u0113t zem sava karoga"},"content":{"rendered":"<p>IJF pazi\u0146oja, ka p\u0113c iepriek\u0161 atjaunotaj\u0101m Baltkrievijas sportistu ties\u012bb\u0101m start\u0113t zem sava karoga ir lo\u0123iski, ka t\u0101das pa\u0161as ties\u012bbas vajadz\u0113tu dele\u0123\u0113t ar\u012b Krievijai.<\/p>\n<p>&#8220;P\u0113c nesenajiem notikumiem, tai skait\u0101 piln\u012bgas nacion\u0101l\u0101s p\u0101rst\u0101vniec\u012bbas atjauno\u0161anas Baltkrievijas sportistiem, IJF uzskata, ka tagad ir lietder\u012bgi at\u013caut Krievijas sportistu dal\u012bbu sacens\u012bb\u0101s ar vienl\u012bdz\u012bgiem nosac\u012bjumiem,&#8221; teikts pazi\u0146ojum\u0101.<\/p>\n<p>&#8220;T\u0101p\u0113c IJF izpildkomiteja ir nobalsojusi par to, lai Krievijas sportistiem, s\u0101kot ar 2025. gada Ab\u016b Dab\u012b &#8220;Grand Slam&#8221; turn\u012bru, tiek atkal at\u013cauts sacensties zem savas valsts karoga, ar savu himnu un embl\u0113mu,&#8221; pazi\u0146oja IJF.<\/p>\n<p>&#8220;V\u0113sturiski <a href=\"https:\/\/www.apollo.lv\/term\/555452\/krievija\" class=\"topicLink\" target=\"_blank\" rel=\"nofollow noopener\">Krievija<\/a> <a href=\"https:\/\/www.apollo.lv\/term\/558931\/dzudo\" class=\"topicLink\" target=\"_blank\" rel=\"nofollow noopener\">d\u017eudo<\/a> ir bijusi viena no pasaules vado\u0161aj\u0101m valst\u012bm, un tiek sagaid\u012bts, ka t\u0101s piln\u012bga atgrie\u0161an\u0101s sacens\u012bb\u0101s bag\u0101tin\u0101s sacens\u012bbas visos l\u012bme\u0146os,&#8221; zi\u0146o IJF.<\/p>\n<p>Krievijas prezidentam Vladimiram Putinam tuv\u0101 Krievijas D\u017eudo feder\u0101cija (FDR) ar gandar\u012bjumu rea\u0123\u0113ja uz &#8220;v\u0113sturisko l\u0113mumu&#8221;.<\/p>\n<p>&#8220;M\u0113s esam priec\u012bgi, ka d\u017eudo starptautiskaj\u0101 ar\u0113n\u0101 ir k\u013cuvis par pirmo sporta veidu, kur pie\u0146emts \u0161is v\u0113sturiskais l\u0113mums,&#8221; sac\u012bja FDR prezidents Sergejs Solovei\u010diks.<\/p>\n<p>Ab\u016b Dab\u012b &#8220;Grand Slam&#8221; turn\u012brs Apvienotajos Ar\u0101bu Emir\u0101tos notiks no piektdienas l\u012bdz sv\u0113tdienai.<\/p>\n","protected":false},"excerpt":{"rendered":"IJF pazi\u0146oja, ka p\u0113c iepriek\u0161 atjaunotaj\u0101m Baltkrievijas sportistu ties\u012bb\u0101m start\u0113t zem sava karoga ir lo\u0123iski, ka t\u0101das pa\u0161as&hellip;\n","protected":false},"author":2,"featured_media":60152,"comment_status":"","ping_status":"","sticky":false,"template":"","format":"standard","meta":{"footnotes":""},"categories":[5],"tags":[23,28,29,2235,8188,32,33,22,234,30,31,35,39,38,36,37,34,40,20,26,27,24,25,21],"class_list":{"0":"post-60151","1":"post","2":"type-post","3":"status-publish","4":"format-standard","5":"has-post-thumbnail","7":"category-aktualitates","8":"tag-aktualitates","9":"tag-breaking-news","10":"tag-breakingnews","11":"tag-cinas-sports","12":"tag-dzudo","13":"tag-featured-news","14":"tag-featurednews","15":"tag-headlines","16":"tag-krievija","17":"tag-latest-news","18":"tag-latestnews","19":"tag-latvia","20":"tag-latvian","21":"tag-latviesu","22":"tag-latviesu-valoda","23":"tag-latviesuvaloda","24":"tag-latvija","25":"tag-lv","26":"tag-news","27":"tag-popularakas-zinas","28":"tag-popularakaszinas","29":"tag-top-stories","30":"tag-topstories","31":"tag-zinas"},"share_on_mastodon":{"url":"https:\/\/pubeurope.com\/@lv\/115623938322715027","error":""},"_links":{"self":[{"href":"https:\/\/www.europesays.com\/lv\/wp-json\/wp\/v2\/posts\/60151","targetHints":{"allow":["GET"]}}],"collection":[{"href":"https:\/\/www.europesays.com\/lv\/wp-json\/wp\/v2\/posts"}],"about":[{"href":"https:\/\/www.europesays.com\/lv\/wp-json\/wp\/v2\/types\/post"}],"author":[{"embeddable":true,"href":"https:\/\/www.europesays.com\/lv\/wp-json\/wp\/v2\/users\/2"}],"replies":[{"embeddable":true,"href":"https:\/\/www.europesays.com\/lv\/wp-json\/wp\/v2\/comments?post=60151"}],"version-history":[{"count":0,"href":"https:\/\/www.europesays.com\/lv\/wp-json\/wp\/v2\/posts\/60151\/revisions"}],"wp:featuredmedia":[{"embeddable":true,"href":"https:\/\/www.europesays.com\/lv\/wp-json\/wp\/v2\/media\/60152"}],"wp:attachment":[{"href":"https:\/\/www.europesays.com\/lv\/wp-json\/wp\/v2\/media?parent=60151"}],"wp:term":[{"taxonomy":"category","embeddable":true,"href":"https:\/\/www.europesays.com\/lv\/wp-json\/wp\/v2\/categories?post=60151"},{"taxonomy":"post_tag","embeddable":true,"href":"https:\/\/www.europesays.com\/lv\/wp-json\/wp\/v2\/tags?post=60151"}],"curies":[{"name":"wp","href":"https:\/\/api.w.org\/{rel}","templated":true}]}}