{"id":60161,"date":"2025-11-27T22:21:08","date_gmt":"2025-11-27T22:21:08","guid":{"rendered":"https:\/\/www.europesays.com\/lv\/60161\/"},"modified":"2025-11-27T22:21:08","modified_gmt":"2025-11-27T22:21:08","slug":"vietejais-kreditetajs-grib-audzet-muskulus-interesantas-dilemmas-ari-birzas-investoriem","status":"publish","type":"post","link":"https:\/\/www.europesays.com\/lv\/60161\/","title":{"rendered":"Viet\u0113jais kredit\u0113t\u0101js grib audz\u0113t musku\u013cus, interesantas dilemmas ar\u012b bir\u017eas investoriem"},"content":{"rendered":"<p>Latvijas kapit\u0101la tirgus tradicion\u0101li sevi nepiesaka ar bag\u0101t\u012bgu jaunumu kl\u0101stu, ta\u010du \u0161oreiz viet\u0113j\u0101 tirgus sp\u0113l\u0113t\u0101js INDEXO ir par\u016bp\u0113jies par pret\u0113jo. Investoriem ir iesp\u0113ja parakst\u012bties uz jaun\u0101m INDEXO akcij\u0101m un vienlaikus liel\u0101k\u0101 apjom\u0101 p\u0101rdot cita finan\u0161u tirgus dal\u012bbnieka \u2013 \u201cDelfinGroup\u201d akcijas, nebaidoties par strauju cenas kritumu. Tiesa, uzreiz j\u0101teic, ka varb\u016bt\u0113jie ieguvumi v\u0113l diezgan r\u016bp\u012bgi j\u0101pav\u0113t\u012b.<\/p>\n","protected":false},"excerpt":{"rendered":"Latvijas kapit\u0101la tirgus tradicion\u0101li sevi nepiesaka ar bag\u0101t\u012bgu jaunumu kl\u0101stu, ta\u010du \u0161oreiz viet\u0113j\u0101 tirgus sp\u0113l\u0113t\u0101js INDEXO ir par\u016bp\u0113jies&hellip;\n","protected":false},"author":2,"featured_media":60162,"comment_status":"","ping_status":"","sticky":false,"template":"","format":"standard","meta":{"footnotes":""},"categories":[16],"tags":[77,76,15659,11993,35,39,38,36,37,34,40,3149],"class_list":{"0":"post-60161","1":"post","2":"type-post","3":"status-publish","4":"format-standard","5":"has-post-thumbnail","7":"category-bizness","8":"tag-bizness","9":"tag-business","10":"tag-delfingroup","11":"tag-indexo","12":"tag-latvia","13":"tag-latvian","14":"tag-latviesu","15":"tag-latviesu-valoda","16":"tag-latviesuvaloda","17":"tag-latvija","18":"tag-lv","19":"tag-tvnet-bizness"},"share_on_mastodon":{"url":"https:\/\/pubeurope.com\/@lv\/115623997244554341","error":""},"_links":{"self":[{"href":"https:\/\/www.europesays.com\/lv\/wp-json\/wp\/v2\/posts\/60161","targetHints":{"allow":["GET"]}}],"collection":[{"href":"https:\/\/www.europesays.com\/lv\/wp-json\/wp\/v2\/posts"}],"about":[{"href":"https:\/\/www.europesays.com\/lv\/wp-json\/wp\/v2\/types\/post"}],"author":[{"embeddable":true,"href":"https:\/\/www.europesays.com\/lv\/wp-json\/wp\/v2\/users\/2"}],"replies":[{"embeddable":true,"href":"https:\/\/www.europesays.com\/lv\/wp-json\/wp\/v2\/comments?post=60161"}],"version-history":[{"count":0,"href":"https:\/\/www.europesays.com\/lv\/wp-json\/wp\/v2\/posts\/60161\/revisions"}],"wp:featuredmedia":[{"embeddable":true,"href":"https:\/\/www.europesays.com\/lv\/wp-json\/wp\/v2\/media\/60162"}],"wp:attachment":[{"href":"https:\/\/www.europesays.com\/lv\/wp-json\/wp\/v2\/media?parent=60161"}],"wp:term":[{"taxonomy":"category","embeddable":true,"href":"https:\/\/www.europesays.com\/lv\/wp-json\/wp\/v2\/categories?post=60161"},{"taxonomy":"post_tag","embeddable":true,"href":"https:\/\/www.europesays.com\/lv\/wp-json\/wp\/v2\/tags?post=60161"}],"curies":[{"name":"wp","href":"https:\/\/api.w.org\/{rel}","templated":true}]}}