{"id":60207,"date":"2025-11-28T01:35:17","date_gmt":"2025-11-28T01:35:17","guid":{"rendered":"https:\/\/www.europesays.com\/lv\/60207\/"},"modified":"2025-11-28T01:35:17","modified_gmt":"2025-11-28T01:35:17","slug":"burovs-prognoze-veiksmigu-budzeta-pienemsanu-bet-pauz-bazas-par-koalicijas-turpmako-darbu-lente-lv","status":"publish","type":"post","link":"https:\/\/www.europesays.com\/lv\/60207\/","title":{"rendered":"Burovs prognoz\u0113 veiksm\u012bgu bud\u017eeta pie\u0146em\u0161anu, bet pau\u017e ba\u017eas par koal\u012bcijas turpm\u0101ko darbu\u00a0\u2014\u00a0Lente.lv"},"content":{"rendered":"<p>Bud\u017eeta pie\u0146em\u0161ana un koal\u012bcijas n\u0101kotnes perspekt\u012bvas<\/p>\n<p>Lai gan Saeima n\u0101kamned\u0113\u013c pl\u0101no pie\u0146emt valsts bud\u017eetu, politisk\u0101s aprind\u0101s valda zin\u0101mas ba\u017eas par koal\u012bcijas stabilit\u0101ti p\u0113c \u0161\u012b noz\u012bm\u012bg\u0101 l\u0113muma. \u0160\u0101du prognozi izteicis Saeimas deput\u0101ts O\u013cegs Burovs, kur\u0161 nav pieder\u012bgs nevienai politiskajai frakcijai, ta\u010du parasti balso kop\u0101 ar valdo\u0161o koal\u012bciju. Vi\u0146a paust\u0101s domas raisa diskusijas par gaid\u0101majiem izaicin\u0101jumiem un iesp\u0113jamaj\u0101m p\u0101rmai\u0146\u0101m politiskaj\u0101 ainav\u0101.<\/p>\n<p>Burova prognozes un \u0161aubas<\/p>\n<p>O\u013cegs Burovs pauda optimistisku skat\u012bjumu attiec\u012bb\u0101 uz valsts bud\u017eeta pie\u0146em\u0161anu, uzskatot, ka tas notiks bez iev\u0113rojamiem kav\u0113jumiem. Tas ir cer\u012bgs sign\u0101ls, jo bud\u017eets ir valsts saimniec\u012bbas pamats un t\u0101 savlaic\u012bga pie\u0146em\u0161ana ir b\u016btiska stabilit\u0101tei un att\u012bst\u012bbai. Tom\u0113r deput\u0101ta izteikt\u0101s \u0161aubas par koal\u012bcijas darbu p\u0113c bud\u017eeta apstiprin\u0101\u0161anas piev\u0113r\u0161 uzman\u012bbu potenci\u0101lajiem sasp\u012bl\u0113jumiem un neskaidr\u012bb\u0101m, kas var\u0113tu rasties starp koal\u012bcijas partneriem. \u0160\u0101das prognozes bie\u017ei vien ir k\u0101 agri br\u012bdin\u0101jumi par iesp\u0113jam\u0101m gr\u016bt\u012bb\u0101m, kas var\u0113tu sagaid\u012bt vald\u012bbu turpm\u0101kajos m\u0113ne\u0161os.<\/p>\n<p>Koal\u012bcijas izaicin\u0101jumi un bud\u017eeta noz\u012bme<\/p>\n<p>Valsts bud\u017eeta pie\u0146em\u0161ana ir noz\u012bm\u012bgs br\u012bdis jebkuras vald\u012bbas darba cikl\u0101. Tas ne tikai nosaka valsts finan\u0161u priorit\u0101tes n\u0101kamajam gadam, bet ar\u012b test\u0113 koal\u012bcijas sp\u0113ju vienoties par svar\u012bgiem jaut\u0101jumiem. Ja vienot\u012bba un kompromisu mekl\u0113\u0161ana izdosies bud\u017eeta tap\u0161anas proces\u0101, tas var\u0113tu stiprin\u0101t koal\u012bcijas pamatus. Ta\u010du, ja p\u0113c bud\u017eeta pie\u0146em\u0161anas s\u0101ksies akt\u012bv\u0101kas c\u012b\u0146as par cit\u0101m politiskaj\u0101m iniciat\u012bv\u0101m vai ministru poste\u0146iem, Burova prognozes var\u0113tu piepild\u012bties. Analiz\u0113jot koal\u012bcijas dinamiku, svar\u012bgi ir sekot l\u012bdzi ne tikai publiskajiem pazi\u0146ojumiem, bet ar\u012b aizkuli\u0161u sarun\u0101m un katras partijas interes\u0113m.<\/p>\n<p>N\u0101kotnes perspekt\u012bvas un politisk\u0101s prognozes<\/p>\n<p>Burova izteikt\u0101s prognozes liecina par nepiecie\u0161am\u012bbu r\u016bp\u012bgi izv\u0113rt\u0113t pa\u0161reiz\u0113jo politisko situ\u0101ciju. Lai gan bud\u017eeta jaut\u0101jums ir atrisin\u0101ts, tas nenoz\u012bm\u0113, ka politiskais darbs k\u013c\u016bs viegl\u0101ks. Dr\u012bz\u0101k otr\u0101di, p\u0113c \u0161\u012b kopsauc\u0113ja atra\u0161anas, var\u0113tu aktualiz\u0113ties citi str\u012bd\u012bgi jaut\u0101jumi, kas prasa v\u0113l liel\u0101ku diplom\u0101tiju un politisko gribu. Sabiedr\u012bbai ir svar\u012bgi sekot l\u012bdzi \u0161\u012bm noris\u0113m, jo t\u0101s tie\u0161\u0101 veid\u0101 ietekm\u0113 valsts att\u012bst\u012bbu un ikviena pilso\u0146a dz\u012bves kvalit\u0101ti.<\/p>\n","protected":false},"excerpt":{"rendered":"Bud\u017eeta pie\u0146em\u0161ana un koal\u012bcijas n\u0101kotnes perspekt\u012bvas Lai gan Saeima n\u0101kamned\u0113\u013c pl\u0101no pie\u0146emt valsts bud\u017eetu, politisk\u0101s aprind\u0101s valda zin\u0101mas&hellip;\n","protected":false},"author":2,"featured_media":60208,"comment_status":"","ping_status":"","sticky":false,"template":"","format":"standard","meta":{"footnotes":""},"categories":[12],"tags":[23,28,29,32,33,22,351,30,31,35,39,38,36,37,34,40,20,8539,15923,26,27,141,24,25,331,21],"class_list":{"0":"post-60207","1":"post","2":"type-post","3":"status-publish","4":"format-standard","5":"has-post-thumbnail","7":"category-latvija","8":"tag-aktualitates","9":"tag-breaking-news","10":"tag-breakingnews","11":"tag-featured-news","12":"tag-featurednews","13":"tag-headlines","14":"tag-koalicija","15":"tag-latest-news","16":"tag-latestnews","17":"tag-latvia","18":"tag-latvian","19":"tag-latviesu","20":"tag-latviesu-valoda","21":"tag-latviesuvaloda","22":"tag-latvija","23":"tag-lv","24":"tag-news","25":"tag-olegs-burovs","26":"tag-politisko-darbu","27":"tag-popularakas-zinas","28":"tag-popularakaszinas","29":"tag-saeima","30":"tag-top-stories","31":"tag-topstories","32":"tag-valsts-budzets","33":"tag-zinas"},"share_on_mastodon":{"url":"https:\/\/pubeurope.com\/@lv\/115624760002648221","error":""},"_links":{"self":[{"href":"https:\/\/www.europesays.com\/lv\/wp-json\/wp\/v2\/posts\/60207","targetHints":{"allow":["GET"]}}],"collection":[{"href":"https:\/\/www.europesays.com\/lv\/wp-json\/wp\/v2\/posts"}],"about":[{"href":"https:\/\/www.europesays.com\/lv\/wp-json\/wp\/v2\/types\/post"}],"author":[{"embeddable":true,"href":"https:\/\/www.europesays.com\/lv\/wp-json\/wp\/v2\/users\/2"}],"replies":[{"embeddable":true,"href":"https:\/\/www.europesays.com\/lv\/wp-json\/wp\/v2\/comments?post=60207"}],"version-history":[{"count":0,"href":"https:\/\/www.europesays.com\/lv\/wp-json\/wp\/v2\/posts\/60207\/revisions"}],"wp:featuredmedia":[{"embeddable":true,"href":"https:\/\/www.europesays.com\/lv\/wp-json\/wp\/v2\/media\/60208"}],"wp:attachment":[{"href":"https:\/\/www.europesays.com\/lv\/wp-json\/wp\/v2\/media?parent=60207"}],"wp:term":[{"taxonomy":"category","embeddable":true,"href":"https:\/\/www.europesays.com\/lv\/wp-json\/wp\/v2\/categories?post=60207"},{"taxonomy":"post_tag","embeddable":true,"href":"https:\/\/www.europesays.com\/lv\/wp-json\/wp\/v2\/tags?post=60207"}],"curies":[{"name":"wp","href":"https:\/\/api.w.org\/{rel}","templated":true}]}}