{"id":60209,"date":"2025-11-28T01:37:07","date_gmt":"2025-11-28T01:37:07","guid":{"rendered":"https:\/\/www.europesays.com\/lv\/60209\/"},"modified":"2025-11-28T01:37:07","modified_gmt":"2025-11-28T01:37:07","slug":"erika-esenvalda-jaunais-saksofonmuzikas-albums-gratitude-iepriecina-klausitajus-lente-lv","status":"publish","type":"post","link":"https:\/\/www.europesays.com\/lv\/60209\/","title":{"rendered":"\u0112rika E\u0161envalda jaunais saksofonm\u016bzikas albums &#8220;Gratitude&#8221; iepriecina klaus\u012bt\u0101jus\u00a0\u2014\u00a0Lente.lv"},"content":{"rendered":"<p>Jaunums saksofonm\u016bzikas pasaul\u0113: klaj\u0101 n\u0101k \u0112rika E\u0161envalda albums &#8220;Gratitude&#8221;<\/p>\n<p>Neskatoties uz to, ka jaunais albums &#8220;Gratitude&#8221; ir klaj\u0101 laists pavisam nesen, tas jau pasp\u0113jis iekarot klaus\u012bt\u0101ju sirdis un rad\u012bt patiesu saj\u016bsmu m\u016bzikas profesion\u0101\u013cu vid\u016b. \u0160is gaid\u012btais izdevums, kas tapis neatkar\u012bg\u0101s izdevniec\u012bbas &#8220;Prima Classic&#8221; pasp\u0101rn\u0113, apliecina latvie\u0161u komponista \u0112rika E\u0161envalda neparasto talantu un saksofonista Oskara Petrauska virtuozit\u0101ti.<\/p>\n<p>E\u0161envalda m\u016bzikas dzi\u013cums un daudzveid\u012bba<\/p>\n<p>\u0112rika E\u0161envalda kompon\u0113t\u0101 m\u016bzika vienm\u0113r izc\u0113lusies ar savu emocion\u0101lo dzi\u013cumu un sp\u0113ju aizraut klaus\u012bt\u0101ju. &#8220;Gratitude&#8221; nav iz\u0146\u0113mums. Album\u0101 iek\u013cautie ska\u0146darbi ir k\u0101 atkl\u0101ta v\u0113stule, kas izsaka pateic\u012bbu dz\u012bvei, cilv\u0113kiem un m\u016bzikai. Katra kompoz\u012bcija ir k\u0101 meistardarbs, kur\u0101 savijas unik\u0101las melodijas, harmoniskas p\u0101rmai\u0146as un ritmisks spriegums. E\u0161envalds ar savu neaizst\u0101jamo rokrakstu sp\u0113j rad\u012bt m\u016bziku, kas aizkustina l\u012bdz sirds dzi\u013cumiem un liek aizdom\u0101ties par dz\u012bves noz\u012bmi.<\/p>\n<p>Saksofonista Oskara Petrauska interpret\u0101cija \u0161iem ska\u0146darbiem pie\u0161\u0137ir \u012bpa\u0161u dz\u012bv\u012bgumu un jutekliskumu. Vi\u0146a tehnisk\u0101 meistar\u012bba un dzi\u013c\u0101 izpratne par E\u0161envalda m\u016bzikas nians\u0113m \u013cauj katram ska\u0146darbam atdz\u012bvoties piln\u0101 kr\u0101\u0161\u0146um\u0101. Petrauska sniegums ir ne tikai tehniski nevainojams, bet ar\u012b emocion\u0101li bag\u0101ts, radot int\u012bmu dialogu starp m\u016bzi\u0137i un klaus\u012bt\u0101ju.<\/p>\n<p>&#8220;Prima Classic&#8221; un Oskara Petrauska sadarb\u012bba<\/p>\n<p>Neatkar\u012bg\u0101 izdevniec\u012bba &#8220;Prima Classic&#8221; ir paz\u012bstama ar savu ap\u0146em\u0161anos atbalst\u012bt jaunus un talant\u012bgus m\u0101ksliniekus, pied\u0101v\u0101jot vi\u0146iem platformu savu darbu izplat\u012b\u0161anai. Sadarb\u012bba ar Oskaru Petrauski un \u0112riku E\u0161envaldu ir v\u0113l viens apliecin\u0101jums izdevniec\u012bbas kvalit\u0101tes standartiem un v\u0113lmei iepaz\u012bstin\u0101t pasauli ar izcilu latvie\u0161u m\u016bziku.<\/p>\n<p>Oskars Petrauskis, viens no Latvijas spo\u017e\u0101kajiem saksofonistiem, ir atzin\u012bgi nov\u0113rt\u0113ts gan Latvij\u0101, gan starptautiski. Vi\u0146a sp\u0113le ir apvelt\u012bta ar \u012bpa\u0161u, atpaz\u012bstamu skan\u0113jumu un dzi\u013cu emocion\u0101lo piesk\u0101rienu. \u0160is albums ir v\u0113l viens solis vi\u0146a iespaid\u012bgaj\u0101 karjer\u0101, demonstr\u0113jot E\u0161envalda darbu interpret\u0101cijas izcil\u012bbu.<\/p>\n<p>Pateic\u012bbas ne tikai m\u016bzik\u0101<\/p>\n<p>Albuma nosaukums &#8220;Gratitude&#8221; (Pateic\u012bba) atspogu\u013co ne tikai m\u016bzikas saturu, bet ar\u012b m\u0101kslinieku v\u0113lmi izteikt pateic\u012bbu visiem, kas pal\u012bdz\u0113ju\u0161i \u0161\u012b projekta tap\u0161an\u0101. T\u0101 ir cie\u0146pilna atskat\u012b\u0161an\u0101s uz sasniegto un cer\u012bgs skatiens n\u0101kotn\u0113. \u0160is albums ir k\u0101 dv\u0113seles st\u0101voklis, kas aicina ar\u012b klaus\u012bt\u0101ju apst\u0101ties un nov\u0113rt\u0113t dz\u012bves sniegtos labumus.<\/p>\n<p>E\u0161envalda m\u016bzika bie\u017ei vien tiek raksturota k\u0101 ebreju kult\u016bras un gar\u012bguma ietekm\u0113ta, ta\u010du &#8220;Gratitude&#8221; albums sniedz pla\u0161\u0101ku skat\u012bjumu uz vi\u0146a dai\u013cradi, demonstr\u0113jot daudzveid\u012bbu un sp\u0113ju run\u0101t par univers\u0101l\u0101m t\u0113m\u0101m ar m\u016bzikas pal\u012bdz\u012bbu. Tas ir k\u0101 tilts starp da\u017e\u0101d\u0101m kult\u016br\u0101m un pieredz\u0113m, kas vieno cilv\u0113kus kop\u012bg\u0101 emocion\u0101l\u0101 telp\u0101.<\/p>\n<p>Klaus\u012bt\u0101ju un kriti\u0137u atsauksmes<\/p>\n<p>Jau pirm\u0101s atsauksmes liecina, ka &#8220;Gratitude&#8221; albums ir iekarojis ne tikai latvie\u0161u, bet ar\u012b starptautisk\u0101s publikas atzin\u012bbu. Kriti\u0137i slav\u0113 E\u0161envalda ori\u0123inalit\u0101ti un Petrauska izcilo interpret\u0101ciju, raksturojot albumu k\u0101 vienu no gada noz\u012bm\u012bg\u0101kajiem notikumiem klasisk\u0101s m\u016bzikas jom\u0101. Tiek uzsv\u0113rts, ka \u0161\u012b m\u016bzika ir ne tikai skaista, bet ar\u012b dzi\u013ci filozofiska, liekot aizdom\u0101ties par dz\u012bves v\u0113rt\u012bb\u0101m.<\/p>\n<p>Da\u017ei klaus\u012bt\u0101ji atz\u012bst, ka albuma klaus\u012b\u0161an\u0101s rad\u012bjusi dzi\u013cas emocijas un pat saj\u016btu, ka vi\u0146i ir da\u013ca no \u0161\u012bs m\u016bzikas rad\u012b\u0161anas procesa. &#8220;Tas ir k\u0101 ce\u013cojums uz iek\u0161\u0113jo pasauli, kur\u0101 valda miers un harmonija,&#8221; raksta k\u0101ds albums noklaus\u012bjies. Citi izce\u013c kompoz\u012bciju sp\u0113ju uzlabot garast\u0101vokli un sniegt pozit\u012bvu ener\u0123iju ikdien\u0101.<\/p>\n<p>N\u0101kotnes perspekt\u012bvas un noz\u012bme<\/p>\n<p>\u0112rika E\u0161envalda un Oskara Petrauska sadarb\u012bba album\u0101 &#8220;Gratitude&#8221; ir noz\u012bm\u012bgs notikums ne tikai Latvijas, bet ar\u012b pasaules m\u016bzikas ainav\u0101. T\u0101 apliecina latvie\u0161u komponistu un izpild\u012bt\u0101ju sp\u0113ju rad\u012bt m\u016bziku, kas sp\u0113j konkur\u0113t ar lab\u0101kajiem pasaules l\u012bme\u0146a m\u0101ksliniekiem. \u0160is albums ir k\u0101 iedvesmas avots jaunajiem m\u016bzi\u0137iem un pier\u0101d\u012bjums tam, ka ar talantu, darbu un aizraut\u012bbu ir iesp\u0113jams sasniegt augstas virsotnes.<\/p>\n<p>Turpm\u0101kajos m\u0113ne\u0161os pl\u0101nots gan pla\u0161\u0101ks albuma populariz\u0113\u0161anas darbs, gan ar\u012b koncerti, kuros klaus\u012bt\u0101jiem b\u016bs iesp\u0113ja izbaud\u012bt \u0161o unik\u0101lo m\u016bziku dz\u012bvaj\u0101 izpild\u012bjum\u0101. Tas noteikti sniegs jaunu elpu un prieku daudziem m\u016bzikas cien\u012bt\u0101jiem.<\/p>\n","protected":false},"excerpt":{"rendered":"Jaunums saksofonm\u016bzikas pasaul\u0113: klaj\u0101 n\u0101k \u0112rika E\u0161envalda albums &#8220;Gratitude&#8221; Neskatoties uz to, ka jaunais albums &#8220;Gratitude&#8221; ir klaj\u0101&hellip;\n","protected":false},"author":2,"featured_media":60210,"comment_status":"","ping_status":"","sticky":false,"template":"","format":"standard","meta":{"footnotes":""},"categories":[19],"tags":[89,1380,15925,90,35,39,38,36,37,34,40,15924,15927,15926],"class_list":{"0":"post-60209","1":"post","2":"type-post","3":"status-publish","4":"format-standard","5":"has-post-thumbnail","7":"category-izklaide","8":"tag-entertainment","9":"tag-eriks-esenvalds","10":"tag-gratitude","11":"tag-izklaide","12":"tag-latvia","13":"tag-latvian","14":"tag-latviesu","15":"tag-latviesu-valoda","16":"tag-latviesuvaloda","17":"tag-latvija","18":"tag-lv","19":"tag-oskars-petrauskis","20":"tag-prima-classic","21":"tag-saksofonmuzika"},"share_on_mastodon":{"url":"https:\/\/pubeurope.com\/@lv\/115624767884120018","error":""},"_links":{"self":[{"href":"https:\/\/www.europesays.com\/lv\/wp-json\/wp\/v2\/posts\/60209","targetHints":{"allow":["GET"]}}],"collection":[{"href":"https:\/\/www.europesays.com\/lv\/wp-json\/wp\/v2\/posts"}],"about":[{"href":"https:\/\/www.europesays.com\/lv\/wp-json\/wp\/v2\/types\/post"}],"author":[{"embeddable":true,"href":"https:\/\/www.europesays.com\/lv\/wp-json\/wp\/v2\/users\/2"}],"replies":[{"embeddable":true,"href":"https:\/\/www.europesays.com\/lv\/wp-json\/wp\/v2\/comments?post=60209"}],"version-history":[{"count":0,"href":"https:\/\/www.europesays.com\/lv\/wp-json\/wp\/v2\/posts\/60209\/revisions"}],"wp:featuredmedia":[{"embeddable":true,"href":"https:\/\/www.europesays.com\/lv\/wp-json\/wp\/v2\/media\/60210"}],"wp:attachment":[{"href":"https:\/\/www.europesays.com\/lv\/wp-json\/wp\/v2\/media?parent=60209"}],"wp:term":[{"taxonomy":"category","embeddable":true,"href":"https:\/\/www.europesays.com\/lv\/wp-json\/wp\/v2\/categories?post=60209"},{"taxonomy":"post_tag","embeddable":true,"href":"https:\/\/www.europesays.com\/lv\/wp-json\/wp\/v2\/tags?post=60209"}],"curies":[{"name":"wp","href":"https:\/\/api.w.org\/{rel}","templated":true}]}}