{"id":60219,"date":"2025-11-28T02:30:08","date_gmt":"2025-11-28T02:30:08","guid":{"rendered":"https:\/\/www.europesays.com\/lv\/60219\/"},"modified":"2025-11-28T02:30:08","modified_gmt":"2025-11-28T02:30:08","slug":"koalicija-stiprinasies-risinot-budzeta-mezglus-drosiba-gimenes-un-izglitiba-prioritates-lente-lv","status":"publish","type":"post","link":"https:\/\/www.europesays.com\/lv\/60219\/","title":{"rendered":"Koal\u012bcija stiprin\u0101sies, risinot bud\u017eeta mezglus: dro\u0161\u012bba, \u0123imenes un izgl\u012bt\u012bba priorit\u0101t\u0113s &#8211; Lente.lv"},"content":{"rendered":"<ol>\n<li><a href=\"https:\/\/news.google.com\/rss\/articles\/CBMizgFBVV95cUxOY0hUbE9OcjNLLXJYamM5eGtYZXNWbFBIV0x5S0tnS04yQlcwci1RTVZwME9zY1MtYVEwdHFMQ0ZxNk41ZzFORFJnM0d5NlJieHRwMS1MXzBYaWRPakhMRzhWUk9VdjA5V0VKMXh1SkNCWnRiWE9kdGJsVnFab0NUTzFOM2tnNXFtbWwyMWh1djNvdmZKU2NNX0w5UUZQc3dmNGVkVW5ZUGpVc0hNQzN0VnZpNGp1UWRUek9ZckdXSWI1d2RYZ0E5VzMyc2czQQ?oc=5\" target=\"_blank\" rel=\"nofollow noopener\">Koal\u012bcija stiprin\u0101sies, risinot bud\u017eeta mezglus: dro\u0161\u012bba, \u0123imenes un izgl\u012bt\u012bba priorit\u0101t\u0113s<\/a>&nbsp;&nbsp;Lente.lv<\/li>\n<li><a href=\"https:\/\/news.google.com\/rss\/articles\/CBMi6AFBVV95cUxOZVQwUFFRWFB4ZXBhWFI0c1Zyem5DWFpPUmY5b2lkVVlxOXRNQVpzLWZSdkxESl80OFFoOXROWV8xb3NMbUZaeFY5WUlVWWZ6Mm5teWVhQmNMREh3ODhacUFzWktxQU5UZ2RHamJudzNhM1ZHNi1JdkJzYng5dFp1eGhDZ2hNUmtmUXY4andKanVzdnk1c3Z0bWdxamw1ZEZrbFlBcjdHZXd0SG1MMFdNUUVWOTg0NGdoOEFpOW1NaEtHaGdTRy1kX0YtSFhGTnpDaVlRWWxNQ0dQZE9oT25PU0ZOR0VFZGJR?oc=5\" target=\"_blank\" rel=\"nofollow noopener\">Saeima noraida opozicion\u0101ru piepras\u012bjumu trim ministriem; ZZS deput\u0101ts atkal balso pret \u0160vinku<\/a>&nbsp;&nbsp;LSM<\/li>\n<li><a href=\"https:\/\/news.google.com\/rss\/articles\/CBMivgFBVV95cUxQakhsN1R3ekU4M0MwREtTdURDMHBYX2JsZC1kQ3lSX0dHbWxhdERqTEV1cmV0RGtqVjJvbTVIMmNMWEZHam4xZzhNM011NEg0eEVwS2llSzVvOTE4dmFMVktVY3pnVVFfaXB3MFU0X3N0djZiOTlnNDNWWGlqSXY0T25HVW15eURmSENHS1pNekp2cEl1Rk1XT084c01Eb21VRllLOTFRaGdnV0VtZnpEZ210TENDOTIwbkladk5R?oc=5\" target=\"_blank\" rel=\"nofollow noopener\">Nor\u0101des uz koal\u012bcijas stabilit\u0101ti liku\u0161as tai dr\u012bz\u0101k salied\u0113ties, v\u0113rt\u0113 Sili\u0146a<\/a>&nbsp;&nbsp;Delfi<\/li>\n<li><a href=\"https:\/\/news.google.com\/rss\/articles\/CBMiuwFBVV95cUxQTm9DbElhUFVzSGVvT0VSUW5aT3lrVGRNU2o0U2poZ0tweUhvZThMcWdjLXFpT2s2dzdwY1VWVjcwQ0luMGp4M2EtN084eVlPaHBGX243M1BubG9CbExhUExuNUVlYkllRGpxNU4tb0xUbWRSYUYyS2ZjOWlJSXlkTUV3eGhyQjM5TmR0UUo1T3FGUVJzTW5IczZEM3NtYjVwSHVLVVdJaExMdkl2azBZZkxHRDlaejFGWjZ3?oc=5\" target=\"_blank\" rel=\"nofollow noopener\">Burovs prognoz\u0113 sekm\u012bgu bud\u017eeta pie\u0146em\u0161anu, bet \u0161aub\u0101s par koal\u012bcijas darbu p\u0113c tam<\/a>&nbsp;&nbsp;Jauns.lv<\/li>\n<li><a href=\"https:\/\/news.google.com\/rss\/articles\/CBMitgFBVV95cUxQeEpWcVhKZHNjSmhtOVBTUXMyRXcyVG1PU0xidk1HSm1MZFI5UDlVRkZnbjdTOFZwZ2pNbWN2OVZFSTcyNnVuTW91WDd3WTZ0eF9RY3ZCRTRHc3pkRldCcm95OXhiQl9EUzFMaFJEUlpoNlI5SnFGTzZtR19zdXhzM1dyZ042Tl9rNE92ZGJRaFBaOG5QSUpmRDQ1ZTMwYTRlOEpORHdOX3F2ZE1nbFZnYVJRWVNQUQ?oc=5\" target=\"_blank\" rel=\"nofollow noopener\">VIDEO. Skats no iek\u0161puses: Koal\u012bcij\u0101 attiec\u012bbas nokait\u0113tas &#8211; notikumi sekos<\/a>&nbsp;&nbsp;NRA<\/li>\n<\/ol>\n","protected":false},"excerpt":{"rendered":"Koal\u012bcija stiprin\u0101sies, risinot bud\u017eeta mezglus: dro\u0161\u012bba, \u0123imenes un izgl\u012bt\u012bba priorit\u0101t\u0113s&nbsp;&nbsp;Lente.lv Saeima noraida opozicion\u0101ru piepras\u012bjumu trim ministriem; ZZS deput\u0101ts&hellip;\n","protected":false},"author":2,"featured_media":60220,"comment_status":"","ping_status":"","sticky":false,"template":"","format":"standard","meta":{"footnotes":""},"categories":[5],"tags":[23,28,29,1249,32,33,22,351,30,31,35,39,38,36,37,34,40,20,26,27,352,24,25,331,21,666],"class_list":{"0":"post-60219","1":"post","2":"type-post","3":"status-publish","4":"format-standard","5":"has-post-thumbnail","7":"category-aktualitates","8":"tag-aktualitates","9":"tag-breaking-news","10":"tag-breakingnews","11":"tag-evika-silina","12":"tag-featured-news","13":"tag-featurednews","14":"tag-headlines","15":"tag-koalicija","16":"tag-latest-news","17":"tag-latestnews","18":"tag-latvia","19":"tag-latvian","20":"tag-latviesu","21":"tag-latviesu-valoda","22":"tag-latviesuvaloda","23":"tag-latvija","24":"tag-lv","25":"tag-news","26":"tag-popularakas-zinas","27":"tag-popularakaszinas","28":"tag-progresivie","29":"tag-top-stories","30":"tag-topstories","31":"tag-valsts-budzets","32":"tag-zinas","33":"tag-zzs"},"share_on_mastodon":{"url":"https:\/\/pubeurope.com\/@lv\/115624976287800202","error":""},"_links":{"self":[{"href":"https:\/\/www.europesays.com\/lv\/wp-json\/wp\/v2\/posts\/60219","targetHints":{"allow":["GET"]}}],"collection":[{"href":"https:\/\/www.europesays.com\/lv\/wp-json\/wp\/v2\/posts"}],"about":[{"href":"https:\/\/www.europesays.com\/lv\/wp-json\/wp\/v2\/types\/post"}],"author":[{"embeddable":true,"href":"https:\/\/www.europesays.com\/lv\/wp-json\/wp\/v2\/users\/2"}],"replies":[{"embeddable":true,"href":"https:\/\/www.europesays.com\/lv\/wp-json\/wp\/v2\/comments?post=60219"}],"version-history":[{"count":0,"href":"https:\/\/www.europesays.com\/lv\/wp-json\/wp\/v2\/posts\/60219\/revisions"}],"wp:featuredmedia":[{"embeddable":true,"href":"https:\/\/www.europesays.com\/lv\/wp-json\/wp\/v2\/media\/60220"}],"wp:attachment":[{"href":"https:\/\/www.europesays.com\/lv\/wp-json\/wp\/v2\/media?parent=60219"}],"wp:term":[{"taxonomy":"category","embeddable":true,"href":"https:\/\/www.europesays.com\/lv\/wp-json\/wp\/v2\/categories?post=60219"},{"taxonomy":"post_tag","embeddable":true,"href":"https:\/\/www.europesays.com\/lv\/wp-json\/wp\/v2\/tags?post=60219"}],"curies":[{"name":"wp","href":"https:\/\/api.w.org\/{rel}","templated":true}]}}