{"id":60225,"date":"2025-11-28T02:36:14","date_gmt":"2025-11-28T02:36:14","guid":{"rendered":"https:\/\/www.europesays.com\/lv\/60225\/"},"modified":"2025-11-28T02:36:14","modified_gmt":"2025-11-28T02:36:14","slug":"saeima-iesalde-valsts-budzeta-finansejumu-politiskajam-partijam","status":"publish","type":"post","link":"https:\/\/www.europesays.com\/lv\/60225\/","title":{"rendered":"Saeima iesald\u0113 valsts bud\u017eeta finans\u0113jumu politiskaj\u0101m partij\u0101m"},"content":{"rendered":"<p>Ar groz\u012bjumiem pie\u0146emts, ka ar\u012b 2026. gad\u0101 bud\u017eeta finans\u0113jumu politiskajai organiz\u0101cijai (partijai) apr\u0113\u0137in\u0101s un pie\u0161\u0137irs, \u0146emot v\u0113r\u0101 2024. gada, nevis 2025. gada noteikto minim\u0101lo m\u0113ne\u0161algu.<\/p>\n<p>&#8220;\u0160is ir tikai viens no vair\u0101kiem l\u0113mumiem, kas \u013cauj novirz\u012bt papildu l\u012bdzek\u013cus valsts ak\u016bt\u0101m vajadz\u012bb\u0101m. Ietaup\u012bt\u0101 summa ir nepilns miljons eiro,&#8221; iepriek\u0161 par likumprojekta virz\u012bbu Saeim\u0101 atbild\u012bgaj\u0101 Bud\u017eeta un finan\u0161u (nodok\u013cu) komisij\u0101 atz\u012bm\u0113jusi t\u0101s priek\u0161s\u0113d\u0113t\u0101ja Anda \u010cak\u0161a (JV).<\/p>\n<p>Patlaban noteikts, ka partijai, par kuru p\u0113d\u0113j\u0101s Saeimas v\u0113l\u0113\u0161an\u0101s nobalsoju\u0161i vair\u0101k nek\u0101 2% v\u0113l\u0113t\u0101ju, valsts bud\u017eeta finans\u0113jumu kalend\u0101r\u0101 gada laik\u0101 pie\u0161\u0137ir 0,9% apm\u0113r\u0101 no Ministru kabineta noteikt\u0101s minim\u0101l\u0101s m\u0113ne\u0161a darba algas par katru ieg\u016bto balsi p\u0113d\u0113j\u0101s parlamenta v\u0113l\u0113\u0161an\u0101s. Savuk\u0101rt par katru balsi pa\u0161vald\u012bbu v\u0113l\u0113\u0161an\u0101s un ar\u012b Eiropas Parlamenta v\u0113l\u0113\u0161an\u0101s &#8211; 0,1% apm\u0113r\u0101 no minim\u0101l\u0101s m\u0113ne\u0161algas.<\/p>\n<p>T\u0101pat patlaban noteikts, ka papildus finans\u0113jumam par katru balsi partijai, kas Saeimas v\u0113l\u0113\u0161an\u0101s b\u016bs p\u0101rvar\u0113jusi piecu procentu barjeru, pie\u0161\u0137ir valsts bud\u017eeta finans\u0113jumu kalend\u0101r\u0101 gada laik\u0101 200 minim\u0101lo m\u0113ne\u0161algu apm\u0113r\u0101.<\/p>\n<p>Kop\u0113jais vienai partijai pie\u0161\u0137irtais valsts bud\u017eeta finans\u0113jums nedr\u012bkst\u0113s p\u0101rsniegt 1600 minim\u0101l\u0101s darba algas.<\/p>\n<p>N\u0101kamgad, iesald\u0113jot finans\u0113jumu partij\u0101m \u0161\u012b gada l\u012bmen\u012b, bud\u017eeta l\u012bdzek\u013cu ietaup\u012bjums pl\u0101nots turpat 0,76 miljonu eiro apm\u0113r\u0101, nor\u0101d\u012bju\u0161i groz\u012bjumu autori.<\/p>\n","protected":false},"excerpt":{"rendered":"Ar groz\u012bjumiem pie\u0146emts, ka ar\u012b 2026. gad\u0101 bud\u017eeta finans\u0113jumu politiskajai organiz\u0101cijai (partijai) apr\u0113\u0137in\u0101s un pie\u0161\u0137irs, \u0146emot v\u0113r\u0101 2024.&hellip;\n","protected":false},"author":2,"featured_media":60226,"comment_status":"","ping_status":"","sticky":false,"template":"","format":"standard","meta":{"footnotes":""},"categories":[5],"tags":[23,28,29,32,33,22,30,31,35,39,38,36,37,34,40,20,15935,26,27,141,24,25,21],"class_list":{"0":"post-60225","1":"post","2":"type-post","3":"status-publish","4":"format-standard","5":"has-post-thumbnail","7":"category-aktualitates","8":"tag-aktualitates","9":"tag-breaking-news","10":"tag-breakingnews","11":"tag-featured-news","12":"tag-featurednews","13":"tag-headlines","14":"tag-latest-news","15":"tag-latestnews","16":"tag-latvia","17":"tag-latvian","18":"tag-latviesu","19":"tag-latviesu-valoda","20":"tag-latviesuvaloda","21":"tag-latvija","22":"tag-lv","23":"tag-news","24":"tag-partija","25":"tag-popularakas-zinas","26":"tag-popularakaszinas","27":"tag-saeima","28":"tag-top-stories","29":"tag-topstories","30":"tag-zinas"},"share_on_mastodon":{"url":"https:\/\/pubeurope.com\/@lv\/115624999881637058","error":""},"_links":{"self":[{"href":"https:\/\/www.europesays.com\/lv\/wp-json\/wp\/v2\/posts\/60225","targetHints":{"allow":["GET"]}}],"collection":[{"href":"https:\/\/www.europesays.com\/lv\/wp-json\/wp\/v2\/posts"}],"about":[{"href":"https:\/\/www.europesays.com\/lv\/wp-json\/wp\/v2\/types\/post"}],"author":[{"embeddable":true,"href":"https:\/\/www.europesays.com\/lv\/wp-json\/wp\/v2\/users\/2"}],"replies":[{"embeddable":true,"href":"https:\/\/www.europesays.com\/lv\/wp-json\/wp\/v2\/comments?post=60225"}],"version-history":[{"count":0,"href":"https:\/\/www.europesays.com\/lv\/wp-json\/wp\/v2\/posts\/60225\/revisions"}],"wp:featuredmedia":[{"embeddable":true,"href":"https:\/\/www.europesays.com\/lv\/wp-json\/wp\/v2\/media\/60226"}],"wp:attachment":[{"href":"https:\/\/www.europesays.com\/lv\/wp-json\/wp\/v2\/media?parent=60225"}],"wp:term":[{"taxonomy":"category","embeddable":true,"href":"https:\/\/www.europesays.com\/lv\/wp-json\/wp\/v2\/categories?post=60225"},{"taxonomy":"post_tag","embeddable":true,"href":"https:\/\/www.europesays.com\/lv\/wp-json\/wp\/v2\/tags?post=60225"}],"curies":[{"name":"wp","href":"https:\/\/api.w.org\/{rel}","templated":true}]}}