{"id":60251,"date":"2025-11-28T04:01:09","date_gmt":"2025-11-28T04:01:09","guid":{"rendered":"https:\/\/www.europesays.com\/lv\/60251\/"},"modified":"2025-11-28T04:01:09","modified_gmt":"2025-11-28T04:01:09","slug":"iespeja-paradit-talantu-plasakai-publikai-lente-lv","status":"publish","type":"post","link":"https:\/\/www.europesays.com\/lv\/60251\/","title":{"rendered":"iesp\u0113ja par\u0101d\u012bt talantu pla\u0161\u0101kai publikai\u00a0\u2014\u00a0Lente.lv"},"content":{"rendered":"<p>Aicin\u0101jums talantiem: \u201cKoru kari\u201d gatavojas jaunajai sezonai ar pla\u0161u pieteik\u0161anos<\/p>\n<p>TV3 \u0161ovs \u201cKoru kari\u201d, kas iekarojis daudzu skat\u012bt\u0101ju sirdis un sniedzis iesp\u0113ju talant\u012bgiem dzied\u0101t\u0101jiem atkl\u0101t savu potenci\u0101lu, gatavojas uz\u0146emt jaunu elpu ar savu n\u0101kamo sezonu. Ikvienam, kas j\u016bt sird\u012b dziesmu un v\u0113las b\u016bt da\u013ca no grandioza kopdzied\u0101\u0161anas pas\u0101kuma, tiek sniegta unik\u0101la iesp\u0113ja pieteikties un k\u013c\u016bt par da\u013cu no \u0161\u012b aizraujo\u0161\u0101 muzik\u0101l\u0101 piedz\u012bvojuma.<\/p>\n<p>Pla\u0161a iesp\u0113ja dzied\u0101t\u0101jiem un koriem<\/p>\n<p>\u201cKoru kari\u201d vienm\u0113r ir biju\u0161i ne tikai izklaides programma, bet ar\u012b platforma, kas pulc\u0113 cilv\u0113kus ar kop\u012bgu aicin\u0101jumu \u2013 dzied\u0101t. \u0160oreiz organizatori aicina gan individu\u0101lus dzied\u0101t\u0101jus, gan jau eso\u0161us korus izr\u0101d\u012bt savu drosmi un pieteikties jaunajai sezonai. Nav svar\u012bgi, vai esat pieredz\u0113jis profesion\u0101lis vai dzied\u0101\u0161anas entuziasts ar spo\u017eu talantu, \u201cKoru kari\u201d pied\u0101v\u0101 iesp\u0113ju par\u0101d\u012bt sevi pla\u0161\u0101kai auditorijai un piedz\u012bvot neaizmirstamas emocijas uz skatuves. \u0160is ir neatsverams pagodin\u0101jums m\u016bzi\u0137iem un dzied\u0101t\u0101jiem, kuri v\u0113las att\u012bst\u012bt savas prasmes un sniegt prieku citiem ar savu dzied\u0101\u0161anas m\u0101kslu.<\/p>\n<p>K\u0101 pieteikties un kas j\u0101zina<\/p>\n<p>Lai k\u013c\u016btu par da\u013cu no gaid\u0101m\u0101 \u201cKoru karu\u201d sejas, interesentiem ir j\u0101apmekl\u0113 \u0161ova ofici\u0101l\u0101 m\u0101jaslapa vai soci\u0101lo t\u012bklu profili, kur tiks public\u0113ta detaliz\u0113ta inform\u0101cija par pieteik\u0161an\u0101s procesu. Parasti tiek pras\u012bts aizpild\u012bt anketu, kur\u0101 j\u0101nor\u0101da inform\u0101cija par sevi, savu dzied\u0101tprasmi un motiv\u0101ciju piedal\u012bties. Da\u017ek\u0101rt var b\u016bt nepiecie\u0161ams iesniegt ar\u012b video vai audio ierakstu, kur\u0101 demonstr\u0113jat savu vok\u0101lo sniegumu. Svar\u012bgi ir sekot l\u012bdzi jaun\u0101kajai inform\u0101cijai, jo pieteik\u0161an\u0101s termi\u0146i un specifisk\u0101s pras\u012bbas var main\u012bties. \u0160\u012b iesp\u0113ja ir k\u0101 atv\u0113rta durvis uz pasauli, kur\u0101 j\u016bsu balss var sasniegt t\u016bksto\u0161iem cilv\u0113ku un atst\u0101t neizdz\u0113\u0161amu iespaidu.<\/p>\n<p>Vair\u0101k nek\u0101 tikai dzied\u0101\u0161ana: Kop\u012bbas un emociju sp\u0113ks<\/p>\n<p>\u201cKoru kari\u201d nav tikai par individu\u0101lo meistar\u012bbu, bet ar\u012b par sp\u0113ju str\u0101d\u0101t kop\u0101, veidot harmoniju un rad\u012bt br\u012bni\u0161\u0137\u012bgus muzik\u0101lus kopdarbus. Dal\u012bba \u0161ov\u0101 sniedz unik\u0101lu iesp\u0113ju iepaz\u012bt citus talant\u012bgus cilv\u0113kus, veidot draudz\u012bbas un kop\u012bgi p\u0101rvar\u0113t izaicin\u0101jumus. Tas ir k\u0101 liels, satic\u012bgs \u0123imenes pas\u0101kums, kur\u0101 katrs dal\u012bbnieks ir svar\u012bgs un neaizst\u0101jams. Saj\u016btas, ko rada kopdzied\u0101\u0161ana, ir neaprakst\u0101mas \u2013 t\u0101 ir sp\u0113c\u012bga emociju virpu\u013co\u0161ana, kur\u0101 katra ska\u0146a papildina otru, radot kaut ko patiesi ma\u0123isku. K\u0101 zvaigznes debes\u012bs, katrs dzied\u0101t\u0101js pie\u0161\u0137ir savu unik\u0101lo spo\u017eumu, kop\u0101 veidojot neaizmirstamu debesu ainu. T\u0101 ir iesp\u0113ja izjust vienot\u012bbas sp\u0113ku un dal\u012bties priek\u0101 ar skat\u012bt\u0101jiem.<\/p>\n<p>N\u0101kamie so\u013ci un gaid\u0101mie p\u0101rsteigumi<\/p>\n<p>Lai gan konkursa uzs\u0101k\u0161anas datums v\u0113l nav preciz\u0113ts, skaidrs ir viens \u2013 jaun\u0101 sezona sol\u0101s b\u016bt v\u0113l iespaid\u012bg\u0101ka un bag\u0101t\u0101ka ar p\u0101rsteigumiem. Organizatori str\u0101d\u0101 pie programmas, kas sp\u0113s iepriecin\u0101t gan dal\u012bbniekus, gan skat\u012bt\u0101jus, pied\u0101v\u0101jot jaunus form\u0101tus, aizraujo\u0161as uzdevumu k\u0101rtas un, protams, neaizmirstamus muzik\u0101lus priek\u0161nesumus. Tiem, kuri sap\u0146o par dzied\u0101t\u0101ja karjeru vai vienk\u0101r\u0161i v\u0113las izbaud\u012bt dzied\u0101\u0161anas prieku liel\u0101k\u0101 m\u0113rog\u0101, \u201cKoru kari\u201d ir lieliska iesp\u0113ja s\u0101kt savu muzik\u0101lo ce\u013cojumu. Sagatavojiet savas balsis un sirdis, jo dr\u012bzum\u0101 s\u0101ksies ce\u013c\u0161 uz spo\u017e\u0101kaj\u0101m virsotn\u0113m!<\/p>\n","protected":false},"excerpt":{"rendered":"Aicin\u0101jums talantiem: \u201cKoru kari\u201d gatavojas jaunajai sezonai ar pla\u0161u pieteik\u0161anos TV3 \u0161ovs \u201cKoru kari\u201d, kas iekarojis daudzu skat\u012bt\u0101ju&hellip;\n","protected":false},"author":2,"featured_media":60252,"comment_status":"","ping_status":"","sticky":false,"template":"","format":"standard","meta":{"footnotes":""},"categories":[19],"tags":[9975,15941,89,90,35,39,38,36,37,34,40,15944,15943,15942],"class_list":{"0":"post-60251","1":"post","2":"type-post","3":"status-publish","4":"format-standard","5":"has-post-thumbnail","7":"category-izklaide","8":"tag-koru-kari","9":"tag-dziedasanas-konkurss","10":"tag-entertainment","11":"tag-izklaide","12":"tag-latvia","13":"tag-latvian","14":"tag-latviesu","15":"tag-latviesu-valoda","16":"tag-latviesuvaloda","17":"tag-latvija","18":"tag-lv","19":"tag-muzikas-sacensibas","20":"tag-talantu-meklesana","21":"tag-tv3-sovs"},"share_on_mastodon":{"url":"https:\/\/pubeurope.com\/@lv\/115625334110067336","error":""},"_links":{"self":[{"href":"https:\/\/www.europesays.com\/lv\/wp-json\/wp\/v2\/posts\/60251","targetHints":{"allow":["GET"]}}],"collection":[{"href":"https:\/\/www.europesays.com\/lv\/wp-json\/wp\/v2\/posts"}],"about":[{"href":"https:\/\/www.europesays.com\/lv\/wp-json\/wp\/v2\/types\/post"}],"author":[{"embeddable":true,"href":"https:\/\/www.europesays.com\/lv\/wp-json\/wp\/v2\/users\/2"}],"replies":[{"embeddable":true,"href":"https:\/\/www.europesays.com\/lv\/wp-json\/wp\/v2\/comments?post=60251"}],"version-history":[{"count":0,"href":"https:\/\/www.europesays.com\/lv\/wp-json\/wp\/v2\/posts\/60251\/revisions"}],"wp:featuredmedia":[{"embeddable":true,"href":"https:\/\/www.europesays.com\/lv\/wp-json\/wp\/v2\/media\/60252"}],"wp:attachment":[{"href":"https:\/\/www.europesays.com\/lv\/wp-json\/wp\/v2\/media?parent=60251"}],"wp:term":[{"taxonomy":"category","embeddable":true,"href":"https:\/\/www.europesays.com\/lv\/wp-json\/wp\/v2\/categories?post=60251"},{"taxonomy":"post_tag","embeddable":true,"href":"https:\/\/www.europesays.com\/lv\/wp-json\/wp\/v2\/tags?post=60251"}],"curies":[{"name":"wp","href":"https:\/\/api.w.org\/{rel}","templated":true}]}}