{"id":60284,"date":"2025-11-28T05:14:09","date_gmt":"2025-11-28T05:14:09","guid":{"rendered":"https:\/\/www.europesays.com\/lv\/60284\/"},"modified":"2025-11-28T05:14:09","modified_gmt":"2025-11-28T05:14:09","slug":"maija-doveika-un-artis-jancevskis-gada-aktieri-lente-lv","status":"publish","type":"post","link":"https:\/\/www.europesays.com\/lv\/60284\/","title":{"rendered":"Maija Doveika un Artis Jan\u010devskis \u2013 gada aktieri\u00a0\u2014\u00a0Lente.lv"},"content":{"rendered":"<p>Gada balvas te\u0101tr\u012b \u201cSp\u0113lma\u0146u nakts\u201d \u2013 Maija Doveika un Artis Jan\u010devskis atz\u012bti par gada aktieriem<\/p>\n<p>Dailes te\u0101tris \u0161ovakar, 23. novembr\u012b, godin\u0101ja te\u0101tra m\u0101kslas sp\u012bdek\u013cus, pasniedzot presti\u017e\u0101s \u201cSp\u0113lma\u0146u nakts\u201d balvas. \u0160is noz\u012bm\u012bgais notikums, kas sakr\u012bt ar skatuves m\u0101kslas reformatora Eduarda Smi\u013c\u0123a 139. dzim\u0161anas dienu, pulc\u0113ja Latvijas te\u0101tra elites p\u0101rst\u0101vjus, lai atz\u012bm\u0113tu aizvad\u012bt\u0101s 2023.\/2024. gada te\u0101tra sezonas izcil\u0101kos sasniegumus.<\/p>\n<p>Spilgt\u0101kie mirk\u013ci un uzvar\u0113t\u0101ji<\/p>\n<p>Gada noz\u012bm\u012bg\u0101k\u0101s balvas aktierm\u0101ksl\u0101 \u0161ogad non\u0101ca Maijas Doveikas un Artisa Jan\u010devska rok\u0101s. Maija Doveika tika godalgota k\u0101 gada aktrise par Blan\u0161as lomu Latvijas Nacion\u0101l\u0101 te\u0101tra iestud\u0113jum\u0101 \u201cIlgu tramvajs\u201d, atz\u012bstot vi\u0146as talantu un ilggad\u0113jo darbu, kas nesusi nomin\u0101cijas septi\u0146as reizes pirms \u0161\u012b gandar\u012bjuma mirk\u013ca. Artis Jan\u010devskis, savuk\u0101rt, sa\u0146\u0113ma gada aktiera balvu par Hansa Kastorpa atveidojumu Valmieras te\u0101tra izr\u0101d\u0113 \u201cBurvju kalns\u201d. Vi\u0146a sniegums tika raksturots k\u0101 spilgts piem\u0113rs, cen\u0161oties atrast ce\u013cu jaun\u0101, nezin\u0101m\u0101 pasaul\u0113, l\u012bdz\u012bgi k\u0101 izr\u0101des varonis.<\/p>\n<p>Noz\u012bm\u012bg\u0101k\u0101s balvas un godin\u0101jumi<\/p>\n<p>\u201cSp\u0113lma\u0146u nakts\u201d balvu pasnieg\u0161anas ceremonija, ko organiz\u0113 Latvijas Te\u0101tra darbinieku savien\u012bba, \u0161ogad norisin\u0101j\u0101s jau 31. reizi, apbalvojot te\u0101tra sezonas spo\u017e\u0101kos darbus un talantus 17 kategorij\u0101s. \u0160ogad \u012bpa\u0161u atzin\u012bbu izpeln\u012bj\u0101s \u201cDirty Deal Teatro\u201d iestud\u0113jums \u201cAlfas\u201d, kas sa\u0146\u0113ma liel\u0101ko skaitu \u017e\u016brijas pie\u0161\u0137irto \u201cSkatuves naglu\u201d \u2013 tr\u012bs balvas. Izr\u0101de tika atz\u012bta par gada maz\u0101s formas izr\u0101di, t\u0101s re\u017eisors Valters S\u012blis sa\u0146\u0113ma balvu k\u0101 gada re\u017eisors, bet komponists Edgars Raginskis \u2013 par gada jaundarbu m\u016bzik\u0101.<\/p>\n<p>Gada liel\u0101s formas izr\u0101des titulu ieguva Dailes te\u0101tra iestud\u0113jums \u201cDzen savu arklu p\u0101r miru\u0161o kauliem\u201d, apliecinot te\u0101tra sp\u0113ju rad\u012bt iespaid\u012bgus un dom\u0101t rosino\u0161us darbus. Izr\u0101des scenogr\u0101fs Germans Ermi\u010ds sa\u0146\u0113ma balvu par gada scenogr\u0101fiju.<\/p>\n<p>Tika pasniegtas ar\u012b balvas par m\u016b\u017ea ieguld\u012bjumu skatuves m\u0101ksl\u0101, godinot Liep\u0101jas te\u0101tra aktrisi Ainu Karoni un Mihaila \u010cehova R\u012bgas Krievu te\u0101tra aktieri Jakovu Rafaelsonu.<\/p>\n<p>Citas noz\u012bm\u012bg\u0101s nomin\u0101cijas un uzvar\u0113t\u0101ji<\/p>\n<p>K\u0101 gada aktrise otr\u0101 pl\u0101na lom\u0101 tika godalgota Jana \u013bisova par vi\u0146as sniegumu Latvijas Nacion\u0101l\u0101 te\u0101tra izr\u0101d\u0113 \u201cIlgu tramvajs\u201d. Gada jaunaj\u0101m skatuves m\u0101ksliniec\u0113m atzina Anniju Kristi\u0101nu \u0100damsoni par Olimpijas lomu Latvijas Nacion\u0101laj\u0101 oper\u0101 un balet\u0101, k\u0101 ar\u012b Elizabeti Miltu par Marijas \u0160amrajevas atveidojumu izr\u0101d\u0113 \u201cNevienam nezin\u0101m\u0101 Marija\u201d.<\/p>\n<p>Starptautisk\u0101 te\u0101tra kriti\u0137u grupa \u012bpa\u0161u atzin\u012bbu pie\u0161\u0137\u012bra Reinim Dzudzilo par j\u0113gpilnu un emocijas rosino\u0161u vizu\u0101l\u0101s dramatur\u0123ijas koncepciju izr\u0101dei \u201cNacion\u0101lais kan\u0101ls\u201d Latvijas Nacion\u0101laj\u0101 te\u0101tr\u012b.<\/p>\n<p>Skat\u012bt\u0101ju simp\u0101tijas balvas tika pasniegtas tr\u012bs kategorij\u0101s. Par gada izr\u0101di skat\u012bt\u0101ji atzina Latvijas Nacion\u0101l\u0101 te\u0101tra iestud\u0113jumu \u201cNacion\u0101lais kan\u0101ls\u201d Mat\u012bsa Ka\u017eas re\u017eij\u0101. Gada aktrises simp\u0101tiju balvu ieguva Daiga Gaismi\u0146a par lomu Latvijas Nacion\u0101laj\u0101 te\u0101tr\u012b izr\u0101d\u0113 \u201cDump\u012bg\u0101 R\u012bga\u201d, savuk\u0101rt gada aktiera simp\u0101tiju balva tika K\u0101rlim Reijeram par lomu Latvijas Nacion\u0101l\u0101 te\u0101tra iestud\u0113jum\u0101 \u201cDullais Dauka\u201d.<\/p>\n<p>\u201cLatvijas mobil\u0101 telefona\u201d Eksporta balvu par izr\u0101d\u0113m, kas ce\u013co t\u0101l\u0101k par skatuvi, ar 20 000 eiro atbalstu n\u0101kam\u0101s izr\u0101des eksportam sa\u0146\u0113ma Dailes te\u0101tris.<\/p>\n<p>Ceremonijas norise un noz\u012bme<\/p>\n<p>\u201cSp\u0113lma\u0146u nakts\u201d ir gadsk\u0101rt\u0113ja te\u0101tra balvu pasnieg\u0161anas ceremonija, ko r\u012bko Latvijas Te\u0101tra darbinieku savien\u012bba (LTDS). T\u0101 tiek r\u012bkota 23. novembr\u012b, Eduarda Smi\u013c\u0123a dzim\u0161anas dien\u0101, godinot lab\u0101kos iepriek\u0161\u0113j\u0101s te\u0101tra sezonas darbus. Ceremonijas laik\u0101 tiek apbalvoti laure\u0101ti 15 kategorij\u0101s. \u0160\u012b balva ir k\u013cuvusi par noz\u012bm\u012bgu notikumu Latvijas kult\u016bras dz\u012bv\u0113, sniedzot iesp\u0113ju atskat\u012bties uz aizvad\u012bto sezonu un izcelt talant\u012bg\u0101kos m\u0101ksliniekus un profesion\u0101\u013cus. T\u0101 sniedz gan profesion\u0101lu nov\u0113rt\u0113jumu, gan ar\u012b skat\u012bt\u0101ju atzin\u012bbu, veicinot te\u0101tra m\u0101kslas att\u012bst\u012bbu un popularit\u0101ti.<\/p>\n","protected":false},"excerpt":{"rendered":"Gada balvas te\u0101tr\u012b \u201cSp\u0113lma\u0146u nakts\u201d \u2013 Maija Doveika un Artis Jan\u010devskis atz\u012bti par gada aktieriem Dailes te\u0101tris \u0161ovakar,&hellip;\n","protected":false},"author":2,"featured_media":60285,"comment_status":"","ping_status":"","sticky":false,"template":"","format":"standard","meta":{"footnotes":""},"categories":[19],"tags":[15564,89,15951,90,35,39,38,36,37,34,40,6568,6020,6851],"class_list":{"0":"post-60284","1":"post","2":"type-post","3":"status-publish","4":"format-standard","5":"has-post-thumbnail","7":"category-izklaide","8":"tag-artis-jancevskis","9":"tag-entertainment","10":"tag-gada-aktieri","11":"tag-izklaide","12":"tag-latvia","13":"tag-latvian","14":"tag-latviesu","15":"tag-latviesu-valoda","16":"tag-latviesuvaloda","17":"tag-latvija","18":"tag-lv","19":"tag-maija-doveika","20":"tag-spelmanu-nakts","21":"tag-teatra-balvas"},"share_on_mastodon":{"url":"https:\/\/pubeurope.com\/@lv\/115625621160181629","error":""},"_links":{"self":[{"href":"https:\/\/www.europesays.com\/lv\/wp-json\/wp\/v2\/posts\/60284","targetHints":{"allow":["GET"]}}],"collection":[{"href":"https:\/\/www.europesays.com\/lv\/wp-json\/wp\/v2\/posts"}],"about":[{"href":"https:\/\/www.europesays.com\/lv\/wp-json\/wp\/v2\/types\/post"}],"author":[{"embeddable":true,"href":"https:\/\/www.europesays.com\/lv\/wp-json\/wp\/v2\/users\/2"}],"replies":[{"embeddable":true,"href":"https:\/\/www.europesays.com\/lv\/wp-json\/wp\/v2\/comments?post=60284"}],"version-history":[{"count":0,"href":"https:\/\/www.europesays.com\/lv\/wp-json\/wp\/v2\/posts\/60284\/revisions"}],"wp:featuredmedia":[{"embeddable":true,"href":"https:\/\/www.europesays.com\/lv\/wp-json\/wp\/v2\/media\/60285"}],"wp:attachment":[{"href":"https:\/\/www.europesays.com\/lv\/wp-json\/wp\/v2\/media?parent=60284"}],"wp:term":[{"taxonomy":"category","embeddable":true,"href":"https:\/\/www.europesays.com\/lv\/wp-json\/wp\/v2\/categories?post=60284"},{"taxonomy":"post_tag","embeddable":true,"href":"https:\/\/www.europesays.com\/lv\/wp-json\/wp\/v2\/tags?post=60284"}],"curies":[{"name":"wp","href":"https:\/\/api.w.org\/{rel}","templated":true}]}}