{"id":60300,"date":"2025-11-28T05:31:30","date_gmt":"2025-11-28T05:31:30","guid":{"rendered":"https:\/\/www.europesays.com\/lv\/60300\/"},"modified":"2025-11-28T05:31:30","modified_gmt":"2025-11-28T05:31:30","slug":"foto-un-video-%e2%9f%a9-ugunsgreka-kas-plosijas-dzivojamo-namu-kompleksa-honkonga-boja-gajusi-83-cilveki-2","status":"publish","type":"post","link":"https:\/\/www.europesays.com\/lv\/60300\/","title":{"rendered":"FOTO UN VIDEO \u27e9 Ugunsgr\u0113k\u0101, kas plos\u012bj\u0101s dz\u012bvojamo namu kompleks\u0101 Honkong\u0101, boj\u0101 g\u0101ju\u0161i 83 cilv\u0113ki"},"content":{"rendered":"<p>Vismaz 76 cilv\u0113ki guvu\u0161i ievainojumus. Cietu\u0161i ar\u012b 11 ugunsdz\u0113s\u0113ji.<\/p>\n<p><a href=\"https:\/\/www.apollo.lv\/term\/555502\/ugunsgreks\" class=\"topicLink\" target=\"_blank\" rel=\"nofollow noopener\">Ugunsgr\u0113ks<\/a>, kas s\u0101k\u0101s tre\u0161dien un ap\u0146\u0113ma septi\u0146as augstceltnes Taipo rajon\u0101, ir gandr\u012bz apdz\u0113sts, pazi\u0146oja varasiest\u0101des.<\/p>\n<p>Vienu \u0113ku ugunsgr\u0113ks nesk\u0101ra.<\/p>\n<p>Varasiest\u0101des iepriek\u0161 zi\u0146oja, ka miru\u0161i 55 cilv\u0113ki, bet v\u0113l 279 cilv\u0113ki skait\u0101s pazudu\u0161i bez v\u0113sts.<\/p>\n<p>\u0160is ugunsgr\u0113ks ir posto\u0161\u0101kais, k\u0101du <a href=\"https:\/\/www.apollo.lv\/term\/555868\/honkonga\" class=\"topicLink\" target=\"_blank\" rel=\"nofollow noopener\">Honkonga<\/a> pieredz\u0113jusi p\u0113d\u0113jos 80 gados.<\/p>\n<p>Boj\u0101g\u0101ju\u0161o vid\u016b ir ar\u012b vismaz viens ugunsdz\u0113s\u0113js. Honkongas vald\u012bba apstiprin\u0101ja, ka 37 gadus vecais ugunsdz\u0113s\u0113js tika atrasts bezsama\u0146\u0101 notikuma viet\u0101 un aizvests uz slimn\u012bcu, kur vi\u0146\u0161 v\u0113l\u0101k nomira no ievainojumiem.<\/p>\n<p>Liesmas ap\u0146\u0113ma septi\u0146as no asto\u0146\u0101m augstceltn\u0113m Taipo rajon\u0101, kas atrodas Honkongas zieme\u013cu da\u013c\u0101 Jaunaj\u0101s teritorij\u0101s net\u0101lu no robe\u017eas ar \u0136\u012bnas pamatteritorijas pils\u0113tu \u0160e\u0146d\u017ee\u0146u.<\/p>\n<p>Izsaukumu uz notikuma vietu ugunsdz\u0113s\u0113ji sa\u0146\u0113mu\u0161i tre\u0161dienas p\u0113cpusdien\u0101. S\u0101kotn\u0113ji ugunsgr\u0113ka b\u012bstam\u012bbas pak\u0101pe tika noteikta 4. l\u012bmen\u012b, ta\u010du v\u0113l\u0101k t\u0101 tika paaugstin\u0101ta l\u012bdz 5. pak\u0101pei, kas ir augst\u0101kais ugunsgr\u0113ka b\u012bstam\u012bbas l\u012bmenis.<\/p>\n","protected":false},"excerpt":{"rendered":"Vismaz 76 cilv\u0113ki guvu\u0161i ievainojumus. Cietu\u0161i ar\u012b 11 ugunsdz\u0113s\u0113ji. Ugunsgr\u0113ks, kas s\u0101k\u0101s tre\u0161dien un ap\u0146\u0113ma septi\u0146as augstceltnes Taipo&hellip;\n","protected":false},"author":2,"featured_media":59296,"comment_status":"","ping_status":"","sticky":false,"template":"","format":"standard","meta":{"footnotes":""},"categories":[5],"tags":[23,28,29,32,33,22,8114,30,31,35,39,38,36,37,34,40,20,26,27,24,25,377,21],"class_list":{"0":"post-60300","1":"post","2":"type-post","3":"status-publish","4":"format-standard","5":"has-post-thumbnail","7":"category-aktualitates","8":"tag-aktualitates","9":"tag-breaking-news","10":"tag-breakingnews","11":"tag-featured-news","12":"tag-featurednews","13":"tag-headlines","14":"tag-honkonga","15":"tag-latest-news","16":"tag-latestnews","17":"tag-latvia","18":"tag-latvian","19":"tag-latviesu","20":"tag-latviesu-valoda","21":"tag-latviesuvaloda","22":"tag-latvija","23":"tag-lv","24":"tag-news","25":"tag-popularakas-zinas","26":"tag-popularakaszinas","27":"tag-top-stories","28":"tag-topstories","29":"tag-ugunsgreks","30":"tag-zinas"},"share_on_mastodon":{"url":"https:\/\/pubeurope.com\/@lv\/115625688104713185","error":""},"_links":{"self":[{"href":"https:\/\/www.europesays.com\/lv\/wp-json\/wp\/v2\/posts\/60300","targetHints":{"allow":["GET"]}}],"collection":[{"href":"https:\/\/www.europesays.com\/lv\/wp-json\/wp\/v2\/posts"}],"about":[{"href":"https:\/\/www.europesays.com\/lv\/wp-json\/wp\/v2\/types\/post"}],"author":[{"embeddable":true,"href":"https:\/\/www.europesays.com\/lv\/wp-json\/wp\/v2\/users\/2"}],"replies":[{"embeddable":true,"href":"https:\/\/www.europesays.com\/lv\/wp-json\/wp\/v2\/comments?post=60300"}],"version-history":[{"count":0,"href":"https:\/\/www.europesays.com\/lv\/wp-json\/wp\/v2\/posts\/60300\/revisions"}],"wp:featuredmedia":[{"embeddable":true,"href":"https:\/\/www.europesays.com\/lv\/wp-json\/wp\/v2\/media\/59296"}],"wp:attachment":[{"href":"https:\/\/www.europesays.com\/lv\/wp-json\/wp\/v2\/media?parent=60300"}],"wp:term":[{"taxonomy":"category","embeddable":true,"href":"https:\/\/www.europesays.com\/lv\/wp-json\/wp\/v2\/categories?post=60300"},{"taxonomy":"post_tag","embeddable":true,"href":"https:\/\/www.europesays.com\/lv\/wp-json\/wp\/v2\/tags?post=60300"}],"curies":[{"name":"wp","href":"https:\/\/api.w.org\/{rel}","templated":true}]}}