{"id":60347,"date":"2025-11-28T06:52:08","date_gmt":"2025-11-28T06:52:08","guid":{"rendered":"https:\/\/www.europesays.com\/lv\/60347\/"},"modified":"2025-11-28T06:52:08","modified_gmt":"2025-11-28T06:52:08","slug":"lgs-terminala-maksas-kapums-airbaltic-nakamgad-varetu-radit-izmaksu-pieaugumu-par-aptuveni-23-miljoniem-eiro","status":"publish","type":"post","link":"https:\/\/www.europesays.com\/lv\/60347\/","title":{"rendered":"LGS termin\u0101\u013ca maksas k\u0101pums &#8220;airBaltic&#8221; n\u0101kamgad var\u0113tu rad\u012bt izmaksu pieaugumu par aptuveni 2,3 miljoniem eiro"},"content":{"rendered":"<p>Vienlaikus vi\u0146\u0161 atzina, ka jebkur\u0161 noz\u012bm\u012bgs izmaksu pieaugums tirg\u016b var tikt atspogu\u013cots ar\u012b gala pakalpojuma cen\u0101, ta\u010du tas notiek pak\u0101peniski un ir atkar\u012bgs no tirgus dinamikas.<\/p>\n<p>T\u0101pat vi\u0146\u0161 piebilda, ka j\u0101\u0146em v\u0113r\u0101 tirgus princips, proti, ja k\u0101d\u0101 re\u0123ion\u0101 strauji pieaug izmaksas, lidsabiedr\u012bbas izv\u0113rt\u0113, kur savu kapacit\u0101ti izvietot efekt\u012bv\u0101k. T\u0101d\u0113j\u0101di p\u0101rlieku strauj\u0161 cenu k\u0101pums samazina valsts kop\u0113jo konkur\u0113tsp\u0113ju avi\u0101cijas nozar\u0113, secin\u0101ja Zilberts.<\/p>\n<p>LETA jau zi\u0146oja, ka n\u0101kamgad LGS termin\u0101\u013ca vien\u012bbas maksa jeb summa, kas j\u0101maks\u0101 par lidma\u0161\u012bnu vad\u012bbu nos\u0113\u0161an\u0101s un pacel\u0161an\u0101s zon\u0101 Latvij\u0101, pieaugs par 68,7% &#8211; l\u012bdz 230,2 eiro, otrdien nol\u0113ma vald\u012bba.<\/p>\n<p>\u0160ogad LGS termin\u0101\u013ca vien\u012bbas maksa ir 136,45 eiro.<\/p>\n<p>Vienlaikus vald\u012bba nol\u0113ma, ka 2027. gad\u0101 termin\u0101\u013ca vien\u012bbas maksa b\u016bs 293,83 eiro, 2028. gad\u0101 &#8211; 309,52 eiro, bet 2029. gad\u0101 &#8211; 303,5 eiro.<\/p>\n<p>LGS valdes priek\u0161s\u0113d\u0113t\u0101js D\u0101vids Tauri\u0146\u0161 iepriek\u0161 intervij\u0101 a\u0123ent\u016brai LETA sac\u012bja, ka Eiropas Komisijas (EK) regulas nosaka, ka aeronavig\u0101cijas pakalpojumu sniedz\u0113ju izdevumiem j\u0101b\u016bt apmaks\u0101tiem. &#8220;Termin\u0101\u013ca zon\u0101 LGS ie\u0146\u0113mumi piln\u012bb\u0101 nesedza uz\u0146\u0113muma izdevumus, un \u0161ai situ\u0101cijai uzman\u012bbu piev\u0113rsa ar\u012b EK strukt\u016bras,&#8221; skaidroja Tauri\u0146\u0161.<\/p>\n","protected":false},"excerpt":{"rendered":"Vienlaikus vi\u0146\u0161 atzina, ka jebkur\u0161 noz\u012bm\u012bgs izmaksu pieaugums tirg\u016b var tikt atspogu\u013cots ar\u012b gala pakalpojuma cen\u0101, ta\u010du tas&hellip;\n","protected":false},"author":2,"featured_media":60348,"comment_status":"","ping_status":"","sticky":false,"template":"","format":"standard","meta":{"footnotes":""},"categories":[16],"tags":[3307,77,76,1134,35,39,38,36,37,34,40],"class_list":{"0":"post-60347","1":"post","2":"type-post","3":"status-publish","4":"format-standard","5":"has-post-thumbnail","7":"category-bizness","8":"tag-airbaltic","9":"tag-bizness","10":"tag-business","11":"tag-gaisa-satiksme","12":"tag-latvia","13":"tag-latvian","14":"tag-latviesu","15":"tag-latviesu-valoda","16":"tag-latviesuvaloda","17":"tag-latvija","18":"tag-lv"},"share_on_mastodon":{"url":"https:\/\/pubeurope.com\/@lv\/115626006544937107","error":""},"_links":{"self":[{"href":"https:\/\/www.europesays.com\/lv\/wp-json\/wp\/v2\/posts\/60347","targetHints":{"allow":["GET"]}}],"collection":[{"href":"https:\/\/www.europesays.com\/lv\/wp-json\/wp\/v2\/posts"}],"about":[{"href":"https:\/\/www.europesays.com\/lv\/wp-json\/wp\/v2\/types\/post"}],"author":[{"embeddable":true,"href":"https:\/\/www.europesays.com\/lv\/wp-json\/wp\/v2\/users\/2"}],"replies":[{"embeddable":true,"href":"https:\/\/www.europesays.com\/lv\/wp-json\/wp\/v2\/comments?post=60347"}],"version-history":[{"count":0,"href":"https:\/\/www.europesays.com\/lv\/wp-json\/wp\/v2\/posts\/60347\/revisions"}],"wp:featuredmedia":[{"embeddable":true,"href":"https:\/\/www.europesays.com\/lv\/wp-json\/wp\/v2\/media\/60348"}],"wp:attachment":[{"href":"https:\/\/www.europesays.com\/lv\/wp-json\/wp\/v2\/media?parent=60347"}],"wp:term":[{"taxonomy":"category","embeddable":true,"href":"https:\/\/www.europesays.com\/lv\/wp-json\/wp\/v2\/categories?post=60347"},{"taxonomy":"post_tag","embeddable":true,"href":"https:\/\/www.europesays.com\/lv\/wp-json\/wp\/v2\/tags?post=60347"}],"curies":[{"name":"wp","href":"https:\/\/api.w.org\/{rel}","templated":true}]}}