{"id":60349,"date":"2025-11-28T06:53:08","date_gmt":"2025-11-28T06:53:08","guid":{"rendered":"https:\/\/www.europesays.com\/lv\/60349\/"},"modified":"2025-11-28T06:53:08","modified_gmt":"2025-11-28T06:53:08","slug":"ugunsgreka-honkongas-augstceltnes-bojagajuso-skaits-pieaudzis-lidz-94-cilvekiem","status":"publish","type":"post","link":"https:\/\/www.europesays.com\/lv\/60349\/","title":{"rendered":"Ugunsgr\u0113k\u0101 Honkongas augstceltn\u0113s boj\u0101g\u0101ju\u0161o skaits pieaudzis l\u012bdz 94 cilv\u0113kiem"},"content":{"rendered":"<p><a href=\"https:\/\/www.apollo.lv\/term\/555502\/ugunsgreks\" class=\"topicLink\" target=\"_blank\" rel=\"nofollow noopener\">Ugunsgr\u0113ks<\/a>, kas s\u0101k\u0101s tre\u0161dien un ap\u0146\u0113ma septi\u0146as augstceltnes Taipo rajon\u0101, ir gandr\u012bz apdz\u0113sts. Piektdienas r\u012bt\u0101 v\u0113l dega tikai \u010detri no gandr\u012bz 2000 \u0161\u012b kompleksa dz\u012bvok\u013ciem.<\/p>\n<p>Ugunsgr\u0113k\u0101 ievainojumus guvu\u0161i vismaz 76 cilv\u0113ki, tai skait\u0101 11 ugunsdz\u0113s\u0113ji.<\/p>\n<p>Daudzi cilv\u0113ki joproj\u0101m tiek uzskat\u012bti par bezv\u0113sts pazudu\u0161iem, bet prec\u012bzs skaits nav zin\u0101ms. Ceturtdienas r\u012bt\u0101 tika zi\u0146ots, ka 279 cilv\u0113ki skait\u0101s pazudu\u0161i bez v\u0113sts, un jaun\u0101ka inform\u0101cija par pazudu\u0161ajiem pagaid\u0101m nav pieejama.<\/p>\n<p>Ugunsdz\u0113s\u0113ji piektdien turpin\u0101ja laist\u012bt \u0113ku ar \u016bdeni, lai to atv\u0113sin\u0101tu un nov\u0113rstu kr\u0101smatu aizdeg\u0161anos no jauna.<\/p>\n<p>\u0160is ugunsgr\u0113ks ir posto\u0161\u0101kais, k\u0101du <a href=\"https:\/\/www.apollo.lv\/term\/555868\/honkonga\" class=\"topicLink\" target=\"_blank\" rel=\"nofollow noopener\">Honkonga<\/a> pieredz\u0113jusi p\u0113d\u0113jos 80 gados. Liesmas ap\u0146\u0113ma septi\u0146as no asto\u0146\u0101m augstceltn\u0113m Taipo rajon\u0101, kas atrodas Honkongas zieme\u013cu da\u013c\u0101 Jaunaj\u0101s teritorij\u0101s net\u0101lu no robe\u017eas ar \u0136\u012bnas pamatteritorijas pils\u0113tu \u0160e\u0146d\u017ee\u0146u.<\/p>\n<p>Kompleks\u0101 ir pavisam 2000 dz\u012bvok\u013cu. Katrai \u0113kai ir 32 st\u0101vi.<\/p>\n<p>Mediji v\u0113st\u012bja, ka visas \u0113kas tika atjaunotas un t\u0101s aptv\u0113ra bambusa sastatnes.<\/p>\n","protected":false},"excerpt":{"rendered":"Ugunsgr\u0113ks, kas s\u0101k\u0101s tre\u0161dien un ap\u0146\u0113ma septi\u0146as augstceltnes Taipo rajon\u0101, ir gandr\u012bz apdz\u0113sts. Piektdienas r\u012bt\u0101 v\u0113l dega tikai&hellip;\n","protected":false},"author":2,"featured_media":59296,"comment_status":"","ping_status":"","sticky":false,"template":"","format":"standard","meta":{"footnotes":""},"categories":[14],"tags":[23,57,5983,28,29,32,33,22,8114,30,31,35,39,38,36,37,34,40,20,26,27,24,25,377,54,55,56,21,58],"class_list":{"0":"post-60349","1":"post","2":"type-post","3":"status-publish","4":"format-standard","5":"has-post-thumbnail","7":"category-zinas-no-arvalstim","8":"tag-aktualitates","9":"tag-arvalstim","10":"tag-bojagajusie","11":"tag-breaking-news","12":"tag-breakingnews","13":"tag-featured-news","14":"tag-featurednews","15":"tag-headlines","16":"tag-honkonga","17":"tag-latest-news","18":"tag-latestnews","19":"tag-latvia","20":"tag-latvian","21":"tag-latviesu","22":"tag-latviesu-valoda","23":"tag-latviesuvaloda","24":"tag-latvija","25":"tag-lv","26":"tag-news","27":"tag-popularakas-zinas","28":"tag-popularakaszinas","29":"tag-top-stories","30":"tag-topstories","31":"tag-ugunsgreks","32":"tag-world","33":"tag-world-news","34":"tag-worldnews","35":"tag-zinas","36":"tag-zinas-no-arvalstim"},"share_on_mastodon":{"url":"https:\/\/pubeurope.com\/@lv\/115626010436362017","error":""},"_links":{"self":[{"href":"https:\/\/www.europesays.com\/lv\/wp-json\/wp\/v2\/posts\/60349","targetHints":{"allow":["GET"]}}],"collection":[{"href":"https:\/\/www.europesays.com\/lv\/wp-json\/wp\/v2\/posts"}],"about":[{"href":"https:\/\/www.europesays.com\/lv\/wp-json\/wp\/v2\/types\/post"}],"author":[{"embeddable":true,"href":"https:\/\/www.europesays.com\/lv\/wp-json\/wp\/v2\/users\/2"}],"replies":[{"embeddable":true,"href":"https:\/\/www.europesays.com\/lv\/wp-json\/wp\/v2\/comments?post=60349"}],"version-history":[{"count":0,"href":"https:\/\/www.europesays.com\/lv\/wp-json\/wp\/v2\/posts\/60349\/revisions"}],"wp:featuredmedia":[{"embeddable":true,"href":"https:\/\/www.europesays.com\/lv\/wp-json\/wp\/v2\/media\/59296"}],"wp:attachment":[{"href":"https:\/\/www.europesays.com\/lv\/wp-json\/wp\/v2\/media?parent=60349"}],"wp:term":[{"taxonomy":"category","embeddable":true,"href":"https:\/\/www.europesays.com\/lv\/wp-json\/wp\/v2\/categories?post=60349"},{"taxonomy":"post_tag","embeddable":true,"href":"https:\/\/www.europesays.com\/lv\/wp-json\/wp\/v2\/tags?post=60349"}],"curies":[{"name":"wp","href":"https:\/\/api.w.org\/{rel}","templated":true}]}}