{"id":60392,"date":"2025-11-28T07:47:11","date_gmt":"2025-11-28T07:47:11","guid":{"rendered":"https:\/\/www.europesays.com\/lv\/60392\/"},"modified":"2025-11-28T07:47:11","modified_gmt":"2025-11-28T07:47:11","slug":"jermaks-ukraina-savas-teritorijas-neatdos","status":"publish","type":"post","link":"https:\/\/www.europesays.com\/lv\/60392\/","title":{"rendered":"Jermaks: Ukraina savas teritorijas neatdos"},"content":{"rendered":"<p>&#8220;Neviens sapr\u0101t\u012bgs cilv\u0113ks \u0161odien neparakst\u012bs dokumentu par teritoriju atdo\u0161anu,&#8221; intervij\u0101 laikrakstam &#8220;Atlantic&#8221; sac\u012bja Jermaks. &#8220;Kam\u0113r Zelenskis ir prezidents, nevienam nevajadz\u0113tu gaid\u012bt, ka m\u0113s atteiksimies no teritorij\u0101m. Vi\u0146\u0161 neparakst\u012bs l\u012bgumu par teritoriju nodo\u0161anu. Konstit\u016bcija to aizliedz. Neviens to nevar dar\u012bt, ja vien nev\u0113las iet pret Ukrainas konstit\u016bciju un Ukrainas tautu.&#8221;<\/p>\n<p>S\u0101kotn\u0113jais 28 punktu ASV miera pl\u0101ns, kas par\u0101d\u012bj\u0101s medijos, paredz\u0113ja, ka <a href=\"https:\/\/www.apollo.lv\/term\/8497\/ukraina\" class=\"topicLink\" target=\"_blank\" rel=\"nofollow noopener\">Ukraina<\/a> atz\u012bs Krievijas faktisko kontroli p\u0101r Krimu, visu Luhanskas un Doneckas apgabalu teritoriju, k\u0101 ar\u012b Krievijas karasp\u0113ka okup\u0113to Hersonas un Zapori\u017ejas apgabalu da\u013c\u0101m. V\u0113l\u0101k \u0161is punkts no dokumenta tika izsl\u0113gts &#8211; pl\u0101nots, ka teritori\u0101lie jaut\u0101jumi tiks apspriesti ASV un Ukrainas prezidentu person\u012bgas tik\u0161an\u0101s laik\u0101.<\/p>\n<p>&#8220;Viss, par ko m\u0113s tagad patie\u0161\u0101m varam run\u0101t, ir kontaktl\u012bnijas noteik\u0161ana,&#8221; sac\u012bja Jermaks.<\/p>\n<p>Jermaks vada Ukrainas sarunu grupu. Iepriek\u0161 vi\u0146\u0161 sac\u012bja, ka Ukraina un ASV turpin\u0101s apspriest ASV miera pl\u0101nu v\u0113l\u0101k \u0161oned\u0113\u013c.<\/p>\n","protected":false},"excerpt":{"rendered":"&#8220;Neviens sapr\u0101t\u012bgs cilv\u0113ks \u0161odien neparakst\u012bs dokumentu par teritoriju atdo\u0161anu,&#8221; intervij\u0101 laikrakstam &#8220;Atlantic&#8221; sac\u012bja Jermaks. &#8220;Kam\u0113r Zelenskis ir prezidents,&hellip;\n","protected":false},"author":2,"featured_media":60393,"comment_status":"","ping_status":"","sticky":false,"template":"","format":"standard","meta":{"footnotes":""},"categories":[14],"tags":[23,57,28,29,32,33,22,210,74,30,31,35,39,38,36,37,34,40,20,26,27,24,25,276,54,55,56,21,58],"class_list":{"0":"post-60392","1":"post","2":"type-post","3":"status-publish","4":"format-standard","5":"has-post-thumbnail","7":"category-zinas-no-arvalstim","8":"tag-aktualitates","9":"tag-arvalstim","10":"tag-breaking-news","11":"tag-breakingnews","12":"tag-featured-news","13":"tag-featurednews","14":"tag-headlines","15":"tag-kijiva","16":"tag-krievijas-iebrukums-ukraina","17":"tag-latest-news","18":"tag-latestnews","19":"tag-latvia","20":"tag-latvian","21":"tag-latviesu","22":"tag-latviesu-valoda","23":"tag-latviesuvaloda","24":"tag-latvija","25":"tag-lv","26":"tag-news","27":"tag-popularakas-zinas","28":"tag-popularakaszinas","29":"tag-top-stories","30":"tag-topstories","31":"tag-ukraina","32":"tag-world","33":"tag-world-news","34":"tag-worldnews","35":"tag-zinas","36":"tag-zinas-no-arvalstim"},"share_on_mastodon":{"url":"https:\/\/pubeurope.com\/@lv\/115626222856097381","error":""},"_links":{"self":[{"href":"https:\/\/www.europesays.com\/lv\/wp-json\/wp\/v2\/posts\/60392","targetHints":{"allow":["GET"]}}],"collection":[{"href":"https:\/\/www.europesays.com\/lv\/wp-json\/wp\/v2\/posts"}],"about":[{"href":"https:\/\/www.europesays.com\/lv\/wp-json\/wp\/v2\/types\/post"}],"author":[{"embeddable":true,"href":"https:\/\/www.europesays.com\/lv\/wp-json\/wp\/v2\/users\/2"}],"replies":[{"embeddable":true,"href":"https:\/\/www.europesays.com\/lv\/wp-json\/wp\/v2\/comments?post=60392"}],"version-history":[{"count":0,"href":"https:\/\/www.europesays.com\/lv\/wp-json\/wp\/v2\/posts\/60392\/revisions"}],"wp:featuredmedia":[{"embeddable":true,"href":"https:\/\/www.europesays.com\/lv\/wp-json\/wp\/v2\/media\/60393"}],"wp:attachment":[{"href":"https:\/\/www.europesays.com\/lv\/wp-json\/wp\/v2\/media?parent=60392"}],"wp:term":[{"taxonomy":"category","embeddable":true,"href":"https:\/\/www.europesays.com\/lv\/wp-json\/wp\/v2\/categories?post=60392"},{"taxonomy":"post_tag","embeddable":true,"href":"https:\/\/www.europesays.com\/lv\/wp-json\/wp\/v2\/tags?post=60392"}],"curies":[{"name":"wp","href":"https:\/\/api.w.org\/{rel}","templated":true}]}}