{"id":60400,"date":"2025-11-28T07:54:13","date_gmt":"2025-11-28T07:54:13","guid":{"rendered":"https:\/\/www.europesays.com\/lv\/60400\/"},"modified":"2025-11-28T07:54:13","modified_gmt":"2025-11-28T07:54:13","slug":"video-%e2%9f%a9-darza-majina-ziepniekkalna-ar-dronu-palidzibu-atrod-parsalusu-cilveku","status":"publish","type":"post","link":"https:\/\/www.europesays.com\/lv\/60400\/","title":{"rendered":"VIDEO \u27e9 D\u0101rza m\u0101ji\u0146\u0101 Ziepniekkaln\u0101 ar dronu pal\u012bdz\u012bbu atrod p\u0101rsalu\u0161u cilv\u0113ku"},"content":{"rendered":"<p>K\u0101 skaidro policija, ierodoties notikuma viet\u0101, tika p\u0101rmekl\u0113ta tuv\u0101k\u0101 apk\u0101rtne un mazd\u0101rzi\u0146u teritorija. Diem\u017e\u0113l tumsas un sp\u0113c\u012bg\u0101s snig\u0161anas d\u0113\u013c personu atrast neizdev\u0101s, t\u0101d\u0113\u013c tika pie\u0146emts l\u0113mums piesaist\u012bt Dro\u0161\u012bbas uz \u016bdens p\u0101rvaldes darbiniekus. Likumsargi turpin\u0101ja teritorijas apskati ar bezpilota gaisa ku\u0123i jeb dronu, kas apr\u012bkots ar term\u0101lo kameru.<\/p>\n<p>P\u0113c intens\u012bvas mekl\u0113\u0161anas ar dronu mekl\u0113tais v\u012brietis tika atrasts un nodots medi\u0137iem, kuri nog\u0101d\u0101ja vi\u0146u slimn\u012bc\u0101.<\/p>\n","protected":false},"excerpt":{"rendered":"K\u0101 skaidro policija, ierodoties notikuma viet\u0101, tika p\u0101rmekl\u0113ta tuv\u0101k\u0101 apk\u0101rtne un mazd\u0101rzi\u0146u teritorija. Diem\u017e\u0113l tumsas un sp\u0113c\u012bg\u0101s snig\u0161anas&hellip;\n","protected":false},"author":2,"featured_media":60401,"comment_status":"","ping_status":"","sticky":false,"template":"","format":"standard","meta":{"footnotes":""},"categories":[12],"tags":[23,28,29,2008,32,33,22,30,31,35,39,38,36,37,34,40,20,26,27,1911,24,25,21],"class_list":{"0":"post-60400","1":"post","2":"type-post","3":"status-publish","4":"format-standard","5":"has-post-thumbnail","7":"category-latvija","8":"tag-aktualitates","9":"tag-breaking-news","10":"tag-breakingnews","11":"tag-drons","12":"tag-featured-news","13":"tag-featurednews","14":"tag-headlines","15":"tag-latest-news","16":"tag-latestnews","17":"tag-latvia","18":"tag-latvian","19":"tag-latviesu","20":"tag-latviesu-valoda","21":"tag-latviesuvaloda","22":"tag-latvija","23":"tag-lv","24":"tag-news","25":"tag-popularakas-zinas","26":"tag-popularakaszinas","27":"tag-rigas-pasvaldibas-policija","28":"tag-top-stories","29":"tag-topstories","30":"tag-zinas"},"share_on_mastodon":{"url":"https:\/\/pubeurope.com\/@lv\/115626250527346821","error":""},"_links":{"self":[{"href":"https:\/\/www.europesays.com\/lv\/wp-json\/wp\/v2\/posts\/60400","targetHints":{"allow":["GET"]}}],"collection":[{"href":"https:\/\/www.europesays.com\/lv\/wp-json\/wp\/v2\/posts"}],"about":[{"href":"https:\/\/www.europesays.com\/lv\/wp-json\/wp\/v2\/types\/post"}],"author":[{"embeddable":true,"href":"https:\/\/www.europesays.com\/lv\/wp-json\/wp\/v2\/users\/2"}],"replies":[{"embeddable":true,"href":"https:\/\/www.europesays.com\/lv\/wp-json\/wp\/v2\/comments?post=60400"}],"version-history":[{"count":0,"href":"https:\/\/www.europesays.com\/lv\/wp-json\/wp\/v2\/posts\/60400\/revisions"}],"wp:featuredmedia":[{"embeddable":true,"href":"https:\/\/www.europesays.com\/lv\/wp-json\/wp\/v2\/media\/60401"}],"wp:attachment":[{"href":"https:\/\/www.europesays.com\/lv\/wp-json\/wp\/v2\/media?parent=60400"}],"wp:term":[{"taxonomy":"category","embeddable":true,"href":"https:\/\/www.europesays.com\/lv\/wp-json\/wp\/v2\/categories?post=60400"},{"taxonomy":"post_tag","embeddable":true,"href":"https:\/\/www.europesays.com\/lv\/wp-json\/wp\/v2\/tags?post=60400"}],"curies":[{"name":"wp","href":"https:\/\/api.w.org\/{rel}","templated":true}]}}