{"id":60450,"date":"2025-11-28T09:01:15","date_gmt":"2025-11-28T09:01:15","guid":{"rendered":"https:\/\/www.europesays.com\/lv\/60450\/"},"modified":"2025-11-28T09:01:15","modified_gmt":"2025-11-28T09:01:15","slug":"graudina-un-samoilova-par-vesturisko-zeltu-sads-mirklis-neatkartosies-lente-lv","status":"publish","type":"post","link":"https:\/\/www.europesays.com\/lv\/60450\/","title":{"rendered":"Graudi\u0146a un Samoilova par v\u0113sturisko zeltu: &#8220;\u0160\u0101ds mirklis neatk\u0101rtosies&#8221;\u00a0\u2014\u00a0Lente.lv"},"content":{"rendered":"<p>V\u0113sturiskais triumfs: Graudi\u0146a un Samoilova izc\u012bna Pasaules \u010dempion\u0101tu zeltu<\/p>\n<p>T\u012bna Graudi\u0146a un Anastasija Samoilova ir izdar\u012bju\u0161as neiesp\u0113jamo \u2013 vi\u0146as ir Latvijas pludmales volejbola v\u0113stur\u0113 pirm\u0101s, kas izc\u012bn\u012bju\u0161as zelta meda\u013cu Pasaules \u010dempion\u0101t\u0101. \u0160is triumfs Adelaid\u0113, Austr\u0101lij\u0101, ir ne tikai personisks sasniegums, bet ar\u012b iev\u0113rojams pagrieziena punkts Latvijas sporta v\u0113stur\u0113, apliecinot meite\u0146u sp\u0113ju sasniegt pa\u0161as virsotnes. L\u012bdz \u0161im Latvijas pludmales volejbol\u0101 pasaules pieaugu\u0161o \u010dempion\u0101tos godalgas nebija izc\u012bn\u012btas, bet vistuv\u0101k tam bija M\u0101rti\u0146\u0161 P\u013cavi\u0146\u0161 un J\u0101nis \u0160m\u0113di\u0146\u0161 2011. gad\u0101, sasniedzot pusfin\u0101lu un ieg\u016bstot ceturto vietu.<\/p>\n<p>Emociju virpul\u012b: &#8220;\u0160\u0101ds mirklis neatk\u0101rtosies&#8221;<\/p>\n<p>P\u0113c spraigas tr\u012bs setu c\u012b\u0146as fin\u0101l\u0101 pret amerik\u0101niet\u0113m Ter\u012bnu Bra\u0161eri un Kristenu Nasu (21:15, 15:21, 15:11), Graudi\u0146a un Samoilova nesp\u0113ja vald\u012bt savas emocijas. Anastasija Samoilova atzina, ka piedz\u012bvotais mirklis Adelaid\u0113, ar tik lielu latvie\u0161u tautie\u0161u atbalstu kl\u0101tien\u0113, ir gr\u016bti aptverams. Vi\u0146a piebilda: &#8220;Gr\u016bti notic\u0113t. Sp\u0113li sp\u0113l\u0113j\u0101m \u2013 k\u0101 b\u016bs t\u0101 b\u016bs. \u0160\u0101ds mirklis neatk\u0101rtosies. Vienu reizi sp\u0113l\u0113sim Adelaid\u0113 ar tik daudz latvie\u0161u faniem kl\u0101tien\u0113. M\u0113\u0123in\u0101j\u0101m izbaud\u012bt \u0161o sp\u0113li un sp\u0113l\u0113t l\u012bdz galam par katru punktu. Viss izdev\u0101s.&#8221;. \u0160\u012bs emocijas ir spilgts apliecin\u0101jums tam, cik noz\u012bm\u012bgs ir \u0161is sasniegums gan sportist\u0113m, gan visai Latvijai.<\/p>\n<p>Ce\u013c\u0161 uz virsotni: Uz\u0146\u0113m\u012bba un strat\u0113\u0123ija<\/p>\n<p>Ce\u013c\u0161 l\u012bdz \u0161im v\u0113sturiskajam zeltam nebija viegls. Graudi\u0146a un Samoilova iepriek\u0161 bija izc\u012bn\u012bju\u0161as divas zelta godalgas Eiropas \u010dempion\u0101tos (2019. un 2023. gad\u0101), k\u0101 ar\u012b ieguvu\u0161as divas sudraba meda\u013cas \u0161\u012bs sezonas &#8220;Elite 16&#8221; posmos \u0160veic\u0113 un Polij\u0101. Tom\u0113r pasaules augst\u0101k\u0101 l\u012bme\u0146a sacens\u012bb\u0101s, \u012bpa\u0161i Pasaules \u010dempion\u0101t\u0101, visaugst\u0101k\u0101s raudzes meda\u013ca l\u012bdz \u0161im nebija izc\u012bn\u012bta. \u0160is pan\u0101kums ir rezult\u0101ts ne tikai talantam un fiziskajai sagatavot\u012bbai, bet ar\u012b r\u016bp\u012bgi p\u0101rdom\u0101tai strat\u0113\u0123ijai un sp\u0113c\u012bgai psiholo\u0123iskajai notur\u012bbai. T\u012bna Graudi\u0146a uzsv\u0113ra, ka &#8220;galvenais strat\u0113\u0123iskais ierocis fin\u0101l\u0101 bija pareiz\u0101 strat\u0113\u0123ija, ar to dom\u0101jot serv\u0113\u0161anu pa ASV dueta aizsardz\u012bbas sp\u0113l\u0113t\u0101ju Nasu.&#8221; Vi\u0146a piebilda, ka &#8220;psiholo\u0123isk\u0101 sagatavot\u012bba bija pats galvenais \u0161aj\u0101 turn\u012br\u0101, un \u0161eit liela pateic\u012bba ir m\u016bsu treneriem, kuri r\u016bp\u0113j\u0101s par lielisku atmosf\u0113ru un teicami var\u0113ja m\u016bs pareizi noska\u0146ot.&#8221;. Tas par\u0101da, ka ne tikai individu\u0101l\u0101s prasmes, bet ar\u012b komandas darbs un treneru vad\u012bba ir fundament\u0101li veiksmei.<\/p>\n<p>Pirm\u0101 reize elites sast\u0101v\u0101: Neaizmirstamais triumfs<\/p>\n<p>Lai gan Graudi\u0146a un Samoilova iepriek\u0161\u0113j\u0101s reiz\u0113s Pasaules \u010dempion\u0101tos ir fini\u0161\u0113ju\u0161as dev\u012btaj\u0101 viet\u0101 (2019. gad\u0101 Hamburg\u0101, 2022. gad\u0101 Rom\u0101 un 2023. gad\u0101 Meksik\u0101), \u0161oreiz vi\u0146as demonstr\u0113ja iespaid\u012bgu sniegumu vis\u0101 turn\u012br\u0101, uzvarot vis\u0101s asto\u0146\u0101s sp\u0113l\u0113s. &#8220;Emocijas, protams, neaprakst\u0101mas. Padom\u0101jot par m\u016bsu karjer\u0101m, secin\u0101j\u0101m, ka \u0161is  ir pirmais uzvar\u0113tais turn\u012brs. Ne reizi elit\u0113 neesam dab\u016bju\u0161as zeltu. T\u0101p\u0113c fakts, ka savu pirm\u0101 zelta meda\u013cu izc\u012bn\u012bj\u0101m tie\u0161i pasaules \u010dempion\u0101t\u0101, ir tie\u0161\u0101m fantastiski,&#8221; atzina Graudi\u0146a. Tas ir apliecin\u0101jums vi\u0146u izaugsmei un sp\u0113jai p\u0101rvar\u0113t iepriek\u0161\u0113j\u0101s neveiksmes, lai sasniegtu jaunu l\u012bmeni.<\/p>\n<p>Atbalsts un pateic\u012bba: Fani un komanda<\/p>\n<p>Samoilova \u012bpa\u0161i nov\u0113rt\u0113ja fanu atbalstu: &#8220;M\u0113\u0123in\u0101j\u0101m izbaud\u012bt \u0161o sp\u0113li un sp\u0113l\u0113t l\u012bdz galam par katru punktu. Viss izdev\u0101s.&#8221;. \u0160\u0101ds tautie\u0161u atbalsts kl\u0101tien\u0113 ir nenov\u0113rt\u0113jams un sniedz papildu motiv\u0101ciju gr\u016btos br\u012b\u017eos. T\u0101pat sportistes pau\u017e pateic\u012bbu savai komandai un treneriem, kas pal\u012bdz\u0113ja saglab\u0101t ment\u0101lo notur\u012bbu un sasniegt augst\u0101k\u0101s raudzes rezult\u0101tu. T\u012bna Graudi\u0146a, atgrie\u017eoties Latvij\u0101, atz\u012bm\u0113ja: &#8220;Ir \u013coti d\u012bvaini, ta\u010du m\u016bsu ment\u0101l\u0101 saikne ir sp\u0113c\u012bga \u2013 esam ar vi\u0146u, vi\u0146a ir ar mums. Tas bija komandas darbs, t\u0101p\u0113c ir neveikla saj\u016bta, ka tieku sumin\u0101ta viena, kaut tas bija komandas darbs, kas nesa rezult\u0101tu.&#8221;. Tas par\u0101da, ka vi\u0146as apzin\u0101s visu cilv\u0113ku ieguld\u012bjumu \u0161aj\u0101 grandiozaj\u0101 pan\u0101kum\u0101.<\/p>\n<p>N\u0101kamie so\u013ci un n\u0101kotnes perspekt\u012bvas<\/p>\n<p>Neskatoties uz \u0161o iespaid\u012bgo sasniegumu, Graudi\u0146a un Samoilova pasaules rang\u0101 saglab\u0101ju\u0161as ceturto vietu, savuk\u0101rt amerik\u0101nietes, izc\u012bn\u012bju\u0161as sudraba meda\u013cas, pak\u0101pu\u0161\u0101s uz pasaules ranga pirmo vietu. Tas liecina par to, cik s\u012bva ir konkurence pludmales volejbola elit\u0113. Tom\u0113r \u0161is zelta meda\u013cu triumfs nenoliedzami sniegs jaunai pac\u0113lumam un motiv\u0101cijai turpin\u0101t att\u012bst\u012bties un c\u012bn\u012bties par augst\u0101kaj\u0101m viet\u0101m n\u0101kotnes sacens\u012bb\u0101s, tostarp gaid\u0101maj\u0101s olimpiskaj\u0101s sp\u0113l\u0113s.<\/p>\n","protected":false},"excerpt":{"rendered":"V\u0113sturiskais triumfs: Graudi\u0146a un Samoilova izc\u012bna Pasaules \u010dempion\u0101tu zeltu T\u012bna Graudi\u0146a un Anastasija Samoilova ir izdar\u012bju\u0161as neiesp\u0113jamo \u2013&hellip;\n","protected":false},"author":2,"featured_media":60451,"comment_status":"","ping_status":"","sticky":false,"template":"","format":"standard","meta":{"footnotes":""},"categories":[5],"tags":[23,566,28,29,32,33,22,30,31,35,39,38,36,37,34,40,20,844,564,26,27,565,24,25,4097,21],"class_list":{"0":"post-60450","1":"post","2":"type-post","3":"status-publish","4":"format-standard","5":"has-post-thumbnail","7":"category-aktualitates","8":"tag-aktualitates","9":"tag-anastasija-samoilova","10":"tag-breaking-news","11":"tag-breakingnews","12":"tag-featured-news","13":"tag-featurednews","14":"tag-headlines","15":"tag-latest-news","16":"tag-latestnews","17":"tag-latvia","18":"tag-latvian","19":"tag-latviesu","20":"tag-latviesu-valoda","21":"tag-latviesuvaloda","22":"tag-latvija","23":"tag-lv","24":"tag-news","25":"tag-pasaules-cempionats","26":"tag-pludmales-volejbols","27":"tag-popularakas-zinas","28":"tag-popularakaszinas","29":"tag-tina-graudina","30":"tag-top-stories","31":"tag-topstories","32":"tag-zelta-medala","33":"tag-zinas"},"share_on_mastodon":{"url":"https:\/\/pubeurope.com\/@lv\/115626513700546910","error":""},"_links":{"self":[{"href":"https:\/\/www.europesays.com\/lv\/wp-json\/wp\/v2\/posts\/60450","targetHints":{"allow":["GET"]}}],"collection":[{"href":"https:\/\/www.europesays.com\/lv\/wp-json\/wp\/v2\/posts"}],"about":[{"href":"https:\/\/www.europesays.com\/lv\/wp-json\/wp\/v2\/types\/post"}],"author":[{"embeddable":true,"href":"https:\/\/www.europesays.com\/lv\/wp-json\/wp\/v2\/users\/2"}],"replies":[{"embeddable":true,"href":"https:\/\/www.europesays.com\/lv\/wp-json\/wp\/v2\/comments?post=60450"}],"version-history":[{"count":0,"href":"https:\/\/www.europesays.com\/lv\/wp-json\/wp\/v2\/posts\/60450\/revisions"}],"wp:featuredmedia":[{"embeddable":true,"href":"https:\/\/www.europesays.com\/lv\/wp-json\/wp\/v2\/media\/60451"}],"wp:attachment":[{"href":"https:\/\/www.europesays.com\/lv\/wp-json\/wp\/v2\/media?parent=60450"}],"wp:term":[{"taxonomy":"category","embeddable":true,"href":"https:\/\/www.europesays.com\/lv\/wp-json\/wp\/v2\/categories?post=60450"},{"taxonomy":"post_tag","embeddable":true,"href":"https:\/\/www.europesays.com\/lv\/wp-json\/wp\/v2\/tags?post=60450"}],"curies":[{"name":"wp","href":"https:\/\/api.w.org\/{rel}","templated":true}]}}