{"id":60452,"date":"2025-11-28T09:05:08","date_gmt":"2025-11-28T09:05:08","guid":{"rendered":"https:\/\/www.europesays.com\/lv\/60452\/"},"modified":"2025-11-28T09:05:08","modified_gmt":"2025-11-28T09:05:08","slug":"francija-nakamgad-ieviesis-brivpratigo-militaro-dienestu","status":"publish","type":"post","link":"https:\/\/www.europesays.com\/lv\/60452\/","title":{"rendered":"Francija n\u0101kamgad ievies\u012bs br\u012bvpr\u0101t\u012bgo milit\u0101ro dienestu"},"content":{"rendered":"<p>Pieaugot Krievijas rad\u012btajiem draudiem, Francija no n\u0101kam\u0101s vasaras ievies\u012bs br\u012bvpr\u0101t\u012bgu desmit m\u0113ne\u0161u karadienestu, ceturtdien pazi\u0146ojis prezidents Emanuels Makrons.<\/p>\n<p>&#8220;Tiks ieviests jauns nacion\u0101lais dienests, pak\u0101peniski s\u0101kot ar n\u0101kamo vasaru,&#8221; prezidents pav\u0113st\u012bja uzrun\u0101 karav\u012briem Varsalj\u0113reris\u0113, Francijas dienvidaustrumos.<\/p>\n<p>Francija no karaklaus\u012bbas atteic\u0101s gandr\u012bz pirms trim desmitgad\u0113m.<\/p>\n<p>Br\u012bvpr\u0101t\u012bgie, galvenok\u0101rt 18 l\u012bdz 19 gadus veci, dien\u0113s tikai Francijas teritorij\u0101, uzsv\u0113ra Makrons.<\/p>\n<p>&#8220;Lielas kr\u012bzes gad\u012bjum\u0101 parlaments var at\u013caut iesaukt ne tikai br\u012bvpr\u0101t\u012bgos,&#8221; piebilda Makrons, atz\u012bstot, ka t\u0101d\u0101 gad\u012bjum\u0101 karadienests k\u013c\u016bs oblig\u0101ts.<\/p>\n<p>No n\u0101kam\u0101 gada vasaras armij\u0101 iesaist\u012bsies 3000 br\u012bvpr\u0101t\u012bgo, p\u0113c tam to skaits pak\u0101peniski palielin\u0101sies, lai l\u012bdz 2030. gadam armij\u0101 iek\u013cautu 10 000 jaunie\u0161u, bet l\u012bdz 2035. gadam &#8211; 50 000, sac\u012bja Makrons.<\/p>\n","protected":false},"excerpt":{"rendered":"Pieaugot Krievijas rad\u012btajiem draudiem, Francija no n\u0101kam\u0101s vasaras ievies\u012bs br\u012bvpr\u0101t\u012bgu desmit m\u0113ne\u0161u karadienestu, ceturtdien pazi\u0146ojis prezidents Emanuels Makrons.&hellip;\n","protected":false},"author":2,"featured_media":60453,"comment_status":"","ping_status":"","sticky":false,"template":"","format":"standard","meta":{"footnotes":""},"categories":[14],"tags":[129,2799,2392,23,57,28,29,32,33,22,30,31,35,39,38,36,37,34,40,20,26,27,2393,2800,2394,2801,24,25,54,55,56,21,58],"class_list":{"0":"post-60452","1":"post","2":"type-post","3":"status-publish","4":"format-standard","5":"has-post-thumbnail","7":"category-zinas-no-arvalstim","8":"tag-__typenameadvicekeyword","9":"tag-id707","10":"tag-id738","11":"tag-aktualitates","12":"tag-arvalstim","13":"tag-breaking-news","14":"tag-breakingnews","15":"tag-featured-news","16":"tag-featurednews","17":"tag-headlines","18":"tag-latest-news","19":"tag-latestnews","20":"tag-latvia","21":"tag-latvian","22":"tag-latviesu","23":"tag-latviesu-valoda","24":"tag-latviesuvaloda","25":"tag-latvija","26":"tag-lv","27":"tag-news","28":"tag-popularakas-zinas","29":"tag-popularakaszinas","30":"tag-slugfrancija","31":"tag-slugmilitarie-speki","32":"tag-titlefrancija","33":"tag-titlemilitarie-speki","34":"tag-top-stories","35":"tag-topstories","36":"tag-world","37":"tag-world-news","38":"tag-worldnews","39":"tag-zinas","40":"tag-zinas-no-arvalstim"},"share_on_mastodon":{"url":"","error":"Validation failed: Text character limit of 500 exceeded"},"_links":{"self":[{"href":"https:\/\/www.europesays.com\/lv\/wp-json\/wp\/v2\/posts\/60452","targetHints":{"allow":["GET"]}}],"collection":[{"href":"https:\/\/www.europesays.com\/lv\/wp-json\/wp\/v2\/posts"}],"about":[{"href":"https:\/\/www.europesays.com\/lv\/wp-json\/wp\/v2\/types\/post"}],"author":[{"embeddable":true,"href":"https:\/\/www.europesays.com\/lv\/wp-json\/wp\/v2\/users\/2"}],"replies":[{"embeddable":true,"href":"https:\/\/www.europesays.com\/lv\/wp-json\/wp\/v2\/comments?post=60452"}],"version-history":[{"count":0,"href":"https:\/\/www.europesays.com\/lv\/wp-json\/wp\/v2\/posts\/60452\/revisions"}],"wp:featuredmedia":[{"embeddable":true,"href":"https:\/\/www.europesays.com\/lv\/wp-json\/wp\/v2\/media\/60453"}],"wp:attachment":[{"href":"https:\/\/www.europesays.com\/lv\/wp-json\/wp\/v2\/media?parent=60452"}],"wp:term":[{"taxonomy":"category","embeddable":true,"href":"https:\/\/www.europesays.com\/lv\/wp-json\/wp\/v2\/categories?post=60452"},{"taxonomy":"post_tag","embeddable":true,"href":"https:\/\/www.europesays.com\/lv\/wp-json\/wp\/v2\/tags?post=60452"}],"curies":[{"name":"wp","href":"https:\/\/api.w.org\/{rel}","templated":true}]}}