{"id":60458,"date":"2025-11-28T09:11:10","date_gmt":"2025-11-28T09:11:10","guid":{"rendered":"https:\/\/www.europesays.com\/lv\/60458\/"},"modified":"2025-11-28T09:11:10","modified_gmt":"2025-11-28T09:11:10","slug":"vacijas-policistu-arodbiedriba-ar-bazam-raugas-uz-darbu-vecgada-vakara","status":"publish","type":"post","link":"https:\/\/www.europesays.com\/lv\/60458\/","title":{"rendered":"V\u0101cijas policistu arodbiedr\u012bba ar ba\u017e\u0101m raug\u0101s uz darbu Vecgada vakar\u0101"},"content":{"rendered":"<p>&#8220;Policija jau pl\u0101no oper\u0101cijas un person\u0101lu, un vi\u0146i ir izmisu\u0161i, jo nav pietiekami daudz policistu,&#8221; laikrakstam &#8220;Rheinische Post&#8221; atkl\u0101ja GdP priek\u0161s\u0113d\u0113t\u0101js Johens Kopelke. Vi\u0146\u0161 nor\u0101d\u012bja, ka <a href=\"https:\/\/www.tvnet.lv\/term\/565901\/policija\" class=\"topicLink\" target=\"_blank\" rel=\"nofollow noopener\">policija<\/a> gatavojas grupveida vardarb\u012bbai, situ\u0101cij\u0101m, kad tiek izmantoti iero\u010di ar tuk\u0161\u0101m patron\u0101m, un uzbrukumiem policistiem.<\/p>\n<p>Kopelke uzskata, ka tiesne\u0161iem Vecgada vakar\u0101 vajadz\u0113tu atrasties nevis sav\u0101s m\u0101j\u0101s, bet str\u0101d\u0101t aiztur\u0113\u0161anas centros.<\/p>\n<p>Varasiest\u0101des jau ir n\u0101ku\u0161\u0101s klaj\u0101 ar \u012bpa\u0161iem pas\u0101kumiem, jo p\u0113d\u0113jos gados Vecgada vakaros pieaudzis gan izlietoto petar\u017eu skaits, gan to jauda. Ta\u010du Kopelke aicin\u0101jis v\u0113l vair\u0101k ierobe\u017eot petar\u017eu lieto\u0161anu un noteikt papildu aizsarg\u0101jam\u0101s zonas pils\u0113t\u0101s, k\u0101 ar\u012b \u012bstenot citus pas\u0101kumus dro\u0161\u012bbas uzlabo\u0161anai.<\/p>\n<p>Vi\u0146\u0161 aicin\u0101ja V\u0101cijas feder\u0101lo zemju iek\u0161lietu ministrus, kas tiksies n\u0101kamned\u0113\u013c, dot skaidru sign\u0101lu par labu stingr\u0101kai policistu aizsardz\u012bbai Vecgada vakar\u0101.<\/p>\n<p>Nek\u0101rt\u012bbas un haoss, kas Vecgada vakar\u0101 p\u0113d\u0113jos gados bijis v\u0113rojams daudz\u0101s V\u0101cijas pils\u0113t\u0101s, ir izrais\u012bjis debates par pirotehnikas ierobe\u017eojumiem, \u0146emot v\u0113r\u0101 materi\u0101los zaud\u0113jumus, ievainojumus, ba\u017eas par vidi un dz\u012bvniekiem.<\/p>\n<p>Gal\u0113ji kreis\u0101 partija &#8220;Die Linke&#8221; (Kreisie) tre\u0161dien V\u0101cijas parlament\u0101 atk\u0101rtoti rosin\u0101ja ieviest stingr\u0101kus noteikumus priv\u0101t\u0101m ugu\u0146o\u0161an\u0101m.<\/p>\n<p>Aptaujas liecina, ka sabiedr\u012bb\u0101 ir pla\u0161s atbalsts noteikumu pastiprin\u0101\u0161anai. Sabiedrisk\u0101s domas p\u0113tniec\u012bbas uz\u0146\u0113muma &#8220;YouGov&#8221; aptauja liecina, ka 63% respondentu pl\u0101no svin\u0113t bez ugu\u0146o\u0161anas, un tikai 5% aptauj\u0101to apgalvo, ka noteikti izmantos petardes.<\/p>\n","protected":false},"excerpt":{"rendered":"&#8220;Policija jau pl\u0101no oper\u0101cijas un person\u0101lu, un vi\u0146i ir izmisu\u0161i, jo nav pietiekami daudz policistu,&#8221; laikrakstam &#8220;Rheinische Post&#8221;&hellip;\n","protected":false},"author":2,"featured_media":60459,"comment_status":"","ping_status":"","sticky":false,"template":"","format":"standard","meta":{"footnotes":""},"categories":[14],"tags":[23,57,28,29,32,33,22,30,31,35,39,38,36,37,34,40,20,163,26,27,24,25,299,15960,54,55,56,21,58],"class_list":{"0":"post-60458","1":"post","2":"type-post","3":"status-publish","4":"format-standard","5":"has-post-thumbnail","7":"category-zinas-no-arvalstim","8":"tag-aktualitates","9":"tag-arvalstim","10":"tag-breaking-news","11":"tag-breakingnews","12":"tag-featured-news","13":"tag-featurednews","14":"tag-headlines","15":"tag-latest-news","16":"tag-latestnews","17":"tag-latvia","18":"tag-latvian","19":"tag-latviesu","20":"tag-latviesu-valoda","21":"tag-latviesuvaloda","22":"tag-latvija","23":"tag-lv","24":"tag-news","25":"tag-policija","26":"tag-popularakas-zinas","27":"tag-popularakaszinas","28":"tag-top-stories","29":"tag-topstories","30":"tag-vacija","31":"tag-vecgada-vakars","32":"tag-world","33":"tag-world-news","34":"tag-worldnews","35":"tag-zinas","36":"tag-zinas-no-arvalstim"},"share_on_mastodon":{"url":"https:\/\/pubeurope.com\/@lv\/115626553499064860","error":""},"_links":{"self":[{"href":"https:\/\/www.europesays.com\/lv\/wp-json\/wp\/v2\/posts\/60458","targetHints":{"allow":["GET"]}}],"collection":[{"href":"https:\/\/www.europesays.com\/lv\/wp-json\/wp\/v2\/posts"}],"about":[{"href":"https:\/\/www.europesays.com\/lv\/wp-json\/wp\/v2\/types\/post"}],"author":[{"embeddable":true,"href":"https:\/\/www.europesays.com\/lv\/wp-json\/wp\/v2\/users\/2"}],"replies":[{"embeddable":true,"href":"https:\/\/www.europesays.com\/lv\/wp-json\/wp\/v2\/comments?post=60458"}],"version-history":[{"count":0,"href":"https:\/\/www.europesays.com\/lv\/wp-json\/wp\/v2\/posts\/60458\/revisions"}],"wp:featuredmedia":[{"embeddable":true,"href":"https:\/\/www.europesays.com\/lv\/wp-json\/wp\/v2\/media\/60459"}],"wp:attachment":[{"href":"https:\/\/www.europesays.com\/lv\/wp-json\/wp\/v2\/media?parent=60458"}],"wp:term":[{"taxonomy":"category","embeddable":true,"href":"https:\/\/www.europesays.com\/lv\/wp-json\/wp\/v2\/categories?post=60458"},{"taxonomy":"post_tag","embeddable":true,"href":"https:\/\/www.europesays.com\/lv\/wp-json\/wp\/v2\/tags?post=60458"}],"curies":[{"name":"wp","href":"https:\/\/api.w.org\/{rel}","templated":true}]}}