{"id":60505,"date":"2025-11-28T09:58:12","date_gmt":"2025-11-28T09:58:12","guid":{"rendered":"https:\/\/www.europesays.com\/lv\/60505\/"},"modified":"2025-11-28T09:58:12","modified_gmt":"2025-11-28T09:58:12","slug":"11-iedzivotaju-latvija-ir-grutibas-segt-pamatizdevumus","status":"publish","type":"post","link":"https:\/\/www.europesays.com\/lv\/60505\/","title":{"rendered":"11% iedz\u012bvot\u0101ju Latvij\u0101 ir gr\u016bt\u012bbas segt pamatizdevumus"},"content":{"rendered":"<p>Strauti\u0146\u0161 nor\u0101da, ka da\u013cai iedz\u012bvot\u0101ju \u0161is laiks var k\u013c\u016bt par apgr\u016btin\u0101jumu, tom\u0113r apkures sezon\u0101 uzkr\u0101jumos var b\u016bt redzams pat pieaugums. \u0160ogad noz\u012bm\u012bgs izdevumu k\u0101puma virz\u012bt\u0101js ir biju\u0161as cenas, piem\u0113ram, p\u0101rtika, ta\u010du strauji aug ar\u012b pakalpojumu cenas, kas liel\u0101 m\u0113r\u0101 ir pa\u0161u iedz\u012bvot\u0101ju ien\u0101kumu pieauguma efekts.<\/p>\n<p>&#8220;Eurostat&#8221; dati liecina, ka 45% Latvijas iedz\u012bvot\u0101ju nesp\u0113tu segt neparedz\u0113tus izdevumus, kas kopum\u0101 sakr\u012bt ar to iedz\u012bvot\u0101ju skaitu, kas aptauj\u0101 savu finan\u0161u situ\u0101ciju v\u0113rt\u0113 k\u0101 apmierino\u0161u. Strauti\u0146\u0161 nor\u0101da, ka \u0161\u0101da situ\u0101cija nav spo\u017ea, tom\u0113r ir v\u0113rojamas ar\u012b pozit\u012bvas tendences &#8211; \u0161o iedz\u012bvot\u0101ju da\u013ca pamaz\u0101m sar\u016bk. Ar\u012b Eiropas Komisijas <a href=\"https:\/\/www.tvnet.lv\/term\/566982\/aptauja\" class=\"topicLink\" target=\"_blank\" rel=\"nofollow noopener\">aptauja<\/a> par pat\u0113r\u0113t\u0101ju noska\u0146ojumu iez\u012bm\u0113 tendenci, ka Latvijas iedz\u012bvot\u0101ju iesp\u0113ja uzkr\u0101t n\u0101kamajos 12 m\u0113ne\u0161os ir v\u0113sturiski augst\u0101kaj\u0101 l\u012bmen\u012b.<\/p>\n<p>Strauti\u0146\u0161 skaidro, ka iedz\u012bvot\u0101jiem l\u012bdz\u0101s citiem paradumiem par priorit\u0101ti vajadz\u0113tu m\u0113\u0123in\u0101t likt ar\u012b uzkr\u0101jumu veido\u0161anu ne tikai neparedz\u0113tiem gad\u012bjumiem, bet ilgtermi\u0146\u0101, jo finansi\u0101l\u0101 dro\u0161\u012bba ir b\u016btiska v\u0113rt\u012bba un svar\u012bga dz\u012bves kvalit\u0101tes sast\u0101vda\u013ca.<\/p>\n<p>&#8220;\u0160\u0101du dro\u0161\u012bbu var nopirkt, atsakoties no nereti impuls\u012bviem, nep\u0101rdom\u0101tiem pirkumiem. Mums j\u0101m\u0101c\u0101s izv\u0113l\u0113ties to, kas patiesi stiprina m\u016bsu dro\u0161\u012bbas saj\u016btu n\u0101kotn\u0113,&#8221; atz\u012bst ekonomists.<\/p>\n<p>&#8220;Luminor Bank&#8221; aptauja veikta 2025. gada novembr\u012b sadarb\u012bb\u0101 ar p\u0113t\u012bjumu a\u0123ent\u016bru &#8220;Norstat Latvija&#8221;, kopum\u0101 aptauj\u0101jot 1002 respondentus Latvij\u0101 vecum\u0101 no 18 l\u012bdz 74 gadiem.<\/p>\n","protected":false},"excerpt":{"rendered":"Strauti\u0146\u0161 nor\u0101da, ka da\u013cai iedz\u012bvot\u0101ju \u0161is laiks var k\u013c\u016bt par apgr\u016btin\u0101jumu, tom\u0113r apkures sezon\u0101 uzkr\u0101jumos var b\u016bt redzams&hellip;\n","protected":false},"author":2,"featured_media":60506,"comment_status":"","ping_status":"","sticky":false,"template":"","format":"standard","meta":{"footnotes":""},"categories":[5],"tags":[23,732,28,29,32,33,22,15982,30,31,35,39,38,36,37,34,40,20,1311,26,27,24,25,21],"class_list":{"0":"post-60505","1":"post","2":"type-post","3":"status-publish","4":"format-standard","5":"has-post-thumbnail","7":"category-aktualitates","8":"tag-aktualitates","9":"tag-aptauja","10":"tag-breaking-news","11":"tag-breakingnews","12":"tag-featured-news","13":"tag-featurednews","14":"tag-headlines","15":"tag-izdevumi","16":"tag-latest-news","17":"tag-latestnews","18":"tag-latvia","19":"tag-latvian","20":"tag-latviesu","21":"tag-latviesu-valoda","22":"tag-latviesuvaloda","23":"tag-latvija","24":"tag-lv","25":"tag-news","26":"tag-petijumi-un-aptaujas","27":"tag-popularakas-zinas","28":"tag-popularakaszinas","29":"tag-top-stories","30":"tag-topstories","31":"tag-zinas"},"share_on_mastodon":{"url":"https:\/\/pubeurope.com\/@lv\/115626738370345222","error":""},"_links":{"self":[{"href":"https:\/\/www.europesays.com\/lv\/wp-json\/wp\/v2\/posts\/60505","targetHints":{"allow":["GET"]}}],"collection":[{"href":"https:\/\/www.europesays.com\/lv\/wp-json\/wp\/v2\/posts"}],"about":[{"href":"https:\/\/www.europesays.com\/lv\/wp-json\/wp\/v2\/types\/post"}],"author":[{"embeddable":true,"href":"https:\/\/www.europesays.com\/lv\/wp-json\/wp\/v2\/users\/2"}],"replies":[{"embeddable":true,"href":"https:\/\/www.europesays.com\/lv\/wp-json\/wp\/v2\/comments?post=60505"}],"version-history":[{"count":0,"href":"https:\/\/www.europesays.com\/lv\/wp-json\/wp\/v2\/posts\/60505\/revisions"}],"wp:featuredmedia":[{"embeddable":true,"href":"https:\/\/www.europesays.com\/lv\/wp-json\/wp\/v2\/media\/60506"}],"wp:attachment":[{"href":"https:\/\/www.europesays.com\/lv\/wp-json\/wp\/v2\/media?parent=60505"}],"wp:term":[{"taxonomy":"category","embeddable":true,"href":"https:\/\/www.europesays.com\/lv\/wp-json\/wp\/v2\/categories?post=60505"},{"taxonomy":"post_tag","embeddable":true,"href":"https:\/\/www.europesays.com\/lv\/wp-json\/wp\/v2\/tags?post=60505"}],"curies":[{"name":"wp","href":"https:\/\/api.w.org\/{rel}","templated":true}]}}