{"id":60534,"date":"2025-11-28T10:29:15","date_gmt":"2025-11-28T10:29:15","guid":{"rendered":"https:\/\/www.europesays.com\/lv\/60534\/"},"modified":"2025-11-28T10:29:15","modified_gmt":"2025-11-28T10:29:15","slug":"publicets-video-kura-redzams-ka-rigas-centra-daugava-iebraucis-auto","status":"publish","type":"post","link":"https:\/\/www.europesays.com\/lv\/60534\/","title":{"rendered":"Public\u0113ts video, kur\u0101 redzams, k\u0101 R\u012bgas centr\u0101 Daugav\u0101 iebraucis auto"},"content":{"rendered":"<p>Braucot virzien\u0101 no Van\u0161u tilta puses pa 11. novembra krastmalu, tas veica asu manevru un <a target=\"_blank\" rel=\"noopener noreferrer nofollow\" href=\"https:\/\/www.tvnet.lv\/8369779\/video-rigas-centra-daugava-nogrimis-auto-ar-sievieti-glabeji-turpina-meklesanu\">iebrauca Daugav\u0101 no ku\u0123\u012b\u0161u piest\u0101tnes<\/a>.<\/p>\n<p>Par fiks\u0113to nekav\u0113joties tika inform\u0113ts Valsts ugunsdz\u0113s\u012bbas un gl\u0101b\u0161anas dienests, Neatliekam\u0101s medic\u012bnisk\u0101s pal\u012bdz\u012bbas dienests un Valsts <a href=\"https:\/\/www.tvnet.lv\/term\/565901\/policija\" class=\"topicLink\" target=\"_blank\" rel=\"nofollow noopener\">policija<\/a>. Uz adresi tika nos\u016bt\u012bta tuv\u0101k\u0101 pa\u0161vald\u012bbas policijas Centra p\u0101rvaldes ekip\u0101\u017ea.<\/p>\n<p>Ierodoties adres\u0113, no aculieciniekiem noskaidrots, ka transportl\u012bdzekl\u012b atrodas sieviete.<\/p>\n<p>P\u0113c\u0101k personas un nogrimu\u0161\u0101 transportl\u012bdzek\u013ca mekl\u0113\u0161an\u0101 tika iesaist\u012bti ar\u012b RVPP Dro\u0161\u012bbas uz \u016bdens p\u0101rvaldes darbinieki ar eholoti.<\/p>\n<p>Mekl\u0113\u0161ana 28. novembr\u012b turpin\u0101s.<\/p>\n","protected":false},"excerpt":{"rendered":"Braucot virzien\u0101 no Van\u0161u tilta puses pa 11. novembra krastmalu, tas veica asu manevru un iebrauca Daugav\u0101 no&hellip;\n","protected":false},"author":2,"featured_media":60535,"comment_status":"","ping_status":"","sticky":false,"template":"","format":"standard","meta":{"footnotes":""},"categories":[5],"tags":[23,2849,28,29,32,33,22,30,31,35,39,38,36,37,34,40,20,163,26,27,24,25,21],"class_list":{"0":"post-60534","1":"post","2":"type-post","3":"status-publish","4":"format-standard","5":"has-post-thumbnail","7":"category-aktualitates","8":"tag-aktualitates","9":"tag-avarija","10":"tag-breaking-news","11":"tag-breakingnews","12":"tag-featured-news","13":"tag-featurednews","14":"tag-headlines","15":"tag-latest-news","16":"tag-latestnews","17":"tag-latvia","18":"tag-latvian","19":"tag-latviesu","20":"tag-latviesu-valoda","21":"tag-latviesuvaloda","22":"tag-latvija","23":"tag-lv","24":"tag-news","25":"tag-policija","26":"tag-popularakas-zinas","27":"tag-popularakaszinas","28":"tag-top-stories","29":"tag-topstories","30":"tag-zinas"},"share_on_mastodon":{"url":"https:\/\/pubeurope.com\/@lv\/115626859884176023","error":""},"_links":{"self":[{"href":"https:\/\/www.europesays.com\/lv\/wp-json\/wp\/v2\/posts\/60534","targetHints":{"allow":["GET"]}}],"collection":[{"href":"https:\/\/www.europesays.com\/lv\/wp-json\/wp\/v2\/posts"}],"about":[{"href":"https:\/\/www.europesays.com\/lv\/wp-json\/wp\/v2\/types\/post"}],"author":[{"embeddable":true,"href":"https:\/\/www.europesays.com\/lv\/wp-json\/wp\/v2\/users\/2"}],"replies":[{"embeddable":true,"href":"https:\/\/www.europesays.com\/lv\/wp-json\/wp\/v2\/comments?post=60534"}],"version-history":[{"count":0,"href":"https:\/\/www.europesays.com\/lv\/wp-json\/wp\/v2\/posts\/60534\/revisions"}],"wp:featuredmedia":[{"embeddable":true,"href":"https:\/\/www.europesays.com\/lv\/wp-json\/wp\/v2\/media\/60535"}],"wp:attachment":[{"href":"https:\/\/www.europesays.com\/lv\/wp-json\/wp\/v2\/media?parent=60534"}],"wp:term":[{"taxonomy":"category","embeddable":true,"href":"https:\/\/www.europesays.com\/lv\/wp-json\/wp\/v2\/categories?post=60534"},{"taxonomy":"post_tag","embeddable":true,"href":"https:\/\/www.europesays.com\/lv\/wp-json\/wp\/v2\/tags?post=60534"}],"curies":[{"name":"wp","href":"https:\/\/api.w.org\/{rel}","templated":true}]}}