{"id":60536,"date":"2025-11-28T10:30:19","date_gmt":"2025-11-28T10:30:19","guid":{"rendered":"https:\/\/www.europesays.com\/lv\/60536\/"},"modified":"2025-11-28T10:30:19","modified_gmt":"2025-11-28T10:30:19","slug":"koncerts-ieskandes-petera-vaska-80-jubileju-ar-smeldzi-un-milestibu-daba-lente-lv","status":"publish","type":"post","link":"https:\/\/www.europesays.com\/lv\/60536\/","title":{"rendered":"Koncerts ieskand\u0113s P\u0113tera Vaska 80. jubileju ar smeldzi un m\u012blest\u012bbu dab\u0101\u00a0\u2014\u00a0Lente.lv"},"content":{"rendered":"<p>P\u0113tera Vaska 80. jubilejas ieska\u0146a: Koncerts &#8220;Klusuma auglis&#8221; svin\u0113s smeldzi un ilgas<\/p>\n<p>N\u0101kamavasar, 2026. gad\u0101, savu 80. jubileju atz\u012bm\u0113s latvie\u0161u m\u016bzikas di\u017egars, pasaul\u0113 atz\u012btais komponists P\u0113teris Vasks. Par godu \u0161ai noz\u012bm\u012bgajai atcerei, jau \u0161oned\u0113\u013c, Valsts akad\u0113miskais koris &#8220;Latvija&#8221; diri\u0123enta M\u0101ra Sirma vad\u012bb\u0101, klaus\u012bt\u0101jus aicina uz \u012bpa\u0161u koncertprogrammu ar nosaukumu &#8220;Klusuma auglis&#8221;. \u0160is pas\u0101kums ir ne tikai priek\u0161v\u0113stnesis gaid\u0101majai komponista jubilejai, bet ar\u012b dzi\u013c\u0161 ieskats Vaska dai\u013crades b\u016bt\u012bb\u0101 \u2013 t\u0101s smeldz\u0113, m\u012blest\u012bb\u0101 un m\u016b\u017e\u012bgaj\u0101s ilg\u0101s, kas caurvij vi\u0146a dai\u013cradi.<\/p>\n<p>M\u016bzikas valoda, kas run\u0101 uz dv\u0113seles st\u012bg\u0101m<\/p>\n<p>P\u0113tera Vaska m\u016bzika ir k\u0101 tilts starp \u0161\u0137ietami nesavienojam\u0101m pasaul\u0113m: dv\u0113seles dzi\u013c\u0101kaj\u0101m nosl\u0113pumain\u012bb\u0101m un dabas kluso, bet neapturamo sp\u0113ku. Vi\u0146a ska\u0146darbos bie\u017ei vien j\u016btama izteikta dinamika \u2013 no maig\u0101kajiem klusuma piesk\u0101rieniem l\u012bdz pat ekstatiskai pacil\u0101t\u012bbai. \u0160\u012b dinamika atspogu\u013co dz\u012bves nep\u0101rtraukto ritmu, kur\u0101 mijas prieks un skumjas, cer\u012bba un zaud\u0113jums. Koncertprogramm\u0101 &#8220;Klusuma auglis&#8221; \u0161ie aspekti atkl\u0101sies caur kora dzied\u0101jumu, \u013caujot klaus\u012bt\u0101jiem izjust Vaska m\u016bzikas emocion\u0101lo dzi\u013cumu un intelektu\u0101lo bag\u0101t\u012bbu.<\/p>\n<p>Dabas iedvesmas avoti un cilv\u0113cisk\u0101s alkas<\/p>\n<p>Daba Vaska dai\u013crad\u0113 ie\u0146em \u012bpa\u0161u vietu. T\u0101 nav tikai ainavu gleznojums ska\u0146\u0101s, bet gan dz\u012bva, elpojo\u0161a substance, kas iemieso gan mieru un harmoniju, gan ar\u012b nevald\u0101mu sp\u0113ku un m\u016b\u017e\u012bgu main\u012bbu. Vaska ska\u0146darbos m\u0113s varam saklaus\u012bt v\u0113ja \u010dukstus, upju pl\u016bdumu, putnu dziesmas, k\u0101 ar\u012b zemes kluso elpu. Ta\u010du v\u0113l dzi\u013c\u0101k\u0101 l\u012bmen\u012b \u0161\u012b dabas gleznojumu valoda k\u013c\u016bst par metaforu cilv\u0113ciskaj\u0101m ilg\u0101m \u2013 alk\u0101m p\u0113c skaistuma, p\u0113c m\u012blest\u012bbas, p\u0113c dv\u0113seles miera un izpratnes. \u0160\u012bs alkas ir univers\u0101las, t\u0101s savieno m\u016bs visus neatkar\u012bgi no kult\u016bras vai izcelsmes.<\/p>\n<p>&#8220;Klusuma auglis&#8221; k\u0101 Vaska muzik\u0101l\u0101s filozofijas atspulgs<\/p>\n<p>Nosaukums &#8220;Klusuma auglis&#8221; pats par sevi ir po\u0113tisks un dzi\u013cdom\u012bgs. Tas nor\u0101da uz to, ka pat visliel\u0101k\u0101 ska\u0146a un emocion\u0101lais p\u0101rdz\u012bvojums sak\u0146ojas klusum\u0101, it k\u0101 augot no t\u0101. Vaska m\u016bzik\u0101 klusums nav tuk\u0161ums, bet gan kl\u0101teso\u0161s elements, kas pie\u0161\u0137ir ska\u0146ai v\u0113l liel\u0101ku sp\u0113ku un noz\u012bmi. Tas ir klusums pirms v\u0101rda, klusums starp not\u012bm, klusums, kas \u013cauj mums apst\u0101ties un sadzird\u0113t sevi. \u0160\u012b koncerta programma pied\u0101v\u0101s klaus\u012bt\u0101jiem iesp\u0113ju ne tikai baud\u012bt Vaska dai\u013cradi, bet ar\u012b p\u0101rdom\u0101t savas dz\u012bves svar\u012bg\u0101k\u0101s v\u0113rt\u012bbas \u2013 m\u012blest\u012bbu, cilv\u0113cisk\u0101s attiec\u012bbas un savu vietu pasaul\u0113.<\/p>\n<p>Valsts akad\u0113miskais koris &#8220;Latvija&#8221; un M\u0101ris Sirmais \u2013 uzticami Vaska m\u016bzikas interpret\u0113t\u0101ji<\/p>\n<p>Valsts akad\u0113miskais koris &#8220;Latvija&#8221;, ko vada talant\u012bgais diri\u0123ents M\u0101ris Sirmais, ir zin\u0101ms ar savu augsto m\u0101ksliniecisko meistar\u012bbu un sp\u0113ju dzi\u013ci interpret\u0113t sare\u017e\u0123\u012btus muzik\u0101lus darbus. Vi\u0146u sadarb\u012bba ar P\u0113teri Vasku ir ilggad\u0113ja un augl\u012bga, un koris ir ne reizi vien izpild\u012bjis komponista noz\u012bm\u012bg\u0101kos ska\u0146darbus. T\u0101d\u0113\u013c klaus\u012bt\u0101ji var b\u016bt dro\u0161i, ka &#8220;Klusuma aug\u013ca&#8221; koncert\u0101 tiks atkl\u0101ts viss Vaska m\u016bzikas emocion\u0101lais un tehniskais spektrs ar visliel\u0101ko jutekliskumu un precizit\u0101ti. \u0160is koncerts sol\u0101s b\u016bt neaizmirstams piedz\u012bvojums ikvienam, kas nov\u0113rt\u0113 patiesu, dzi\u013cu un dv\u0113selisku m\u016bziku.<\/p>\n","protected":false},"excerpt":{"rendered":"P\u0113tera Vaska 80. jubilejas ieska\u0146a: Koncerts &#8220;Klusuma auglis&#8221; svin\u0113s smeldzi un ilgas N\u0101kamavasar, 2026. gad\u0101, savu 80. jubileju&hellip;\n","protected":false},"author":2,"featured_media":60537,"comment_status":"","ping_status":"","sticky":false,"template":"","format":"standard","meta":{"footnotes":""},"categories":[19],"tags":[89,90,15985,35,39,38,36,37,34,40,997,11048],"class_list":{"0":"post-60536","1":"post","2":"type-post","3":"status-publish","4":"format-standard","5":"has-post-thumbnail","7":"category-izklaide","8":"tag-entertainment","9":"tag-izklaide","10":"tag-klusuma-auglis","11":"tag-latvia","12":"tag-latvian","13":"tag-latviesu","14":"tag-latviesu-valoda","15":"tag-latviesuvaloda","16":"tag-latvija","17":"tag-lv","18":"tag-peteris-vasks","19":"tag-valsts-akademiskais-koris"},"share_on_mastodon":{"url":"https:\/\/pubeurope.com\/@lv\/115626863855019228","error":""},"_links":{"self":[{"href":"https:\/\/www.europesays.com\/lv\/wp-json\/wp\/v2\/posts\/60536","targetHints":{"allow":["GET"]}}],"collection":[{"href":"https:\/\/www.europesays.com\/lv\/wp-json\/wp\/v2\/posts"}],"about":[{"href":"https:\/\/www.europesays.com\/lv\/wp-json\/wp\/v2\/types\/post"}],"author":[{"embeddable":true,"href":"https:\/\/www.europesays.com\/lv\/wp-json\/wp\/v2\/users\/2"}],"replies":[{"embeddable":true,"href":"https:\/\/www.europesays.com\/lv\/wp-json\/wp\/v2\/comments?post=60536"}],"version-history":[{"count":0,"href":"https:\/\/www.europesays.com\/lv\/wp-json\/wp\/v2\/posts\/60536\/revisions"}],"wp:featuredmedia":[{"embeddable":true,"href":"https:\/\/www.europesays.com\/lv\/wp-json\/wp\/v2\/media\/60537"}],"wp:attachment":[{"href":"https:\/\/www.europesays.com\/lv\/wp-json\/wp\/v2\/media?parent=60536"}],"wp:term":[{"taxonomy":"category","embeddable":true,"href":"https:\/\/www.europesays.com\/lv\/wp-json\/wp\/v2\/categories?post=60536"},{"taxonomy":"post_tag","embeddable":true,"href":"https:\/\/www.europesays.com\/lv\/wp-json\/wp\/v2\/tags?post=60536"}],"curies":[{"name":"wp","href":"https:\/\/api.w.org\/{rel}","templated":true}]}}