{"id":60567,"date":"2025-11-28T10:58:09","date_gmt":"2025-11-28T10:58:09","guid":{"rendered":"https:\/\/www.europesays.com\/lv\/60567\/"},"modified":"2025-11-28T10:58:09","modified_gmt":"2025-11-28T10:58:09","slug":"elektroenergijas-parvades-videjais-tarifs-no-janvara-samazinasies-par-10","status":"publish","type":"post","link":"https:\/\/www.europesays.com\/lv\/60567\/","title":{"rendered":"Elektroener\u0123ijas p\u0101rvades vid\u0113jais tarifs no janv\u0101ra samazin\u0101sies par 10%"},"content":{"rendered":"<p>Sabiedrisko pakalpojumu regul\u0113\u0161anas komisija (SPRK) ir apstiprin\u0101jusi AST elektroener\u0123ijas p\u0101rvades tarifus n\u0101kamajiem trim gadiem. Katrai lietot\u0101ju grupai AST tarifa izmai\u0146as b\u016bs at\u0161\u0137ir\u012bgas.<\/p>\n<p>Ofici\u0101laj\u0101 izdevum\u0101 &#8220;Latvijas v\u0113stnesis&#8221; public\u0113tais SPRK padomes l\u0113mums liecina, ka lietot\u0101jiem, kuru elektroietai\u0161u pieder\u012bbas robe\u017ea ir 330 kilovoltu (kV) kopnes, elektroener\u0123ijas p\u0101rvad\u012b\u0161anas tarifs b\u016bs 0,00139 eiro par kilovatstundu (kWh), bet tarifs par p\u0101rvades jaudas uztur\u0113\u0161anu b\u016bs &#8211; 6,759 eiro par kilovatu (kW) gad\u0101.<\/p>\n<p>Lietot\u0101jiem, kuru elektroietai\u0161u pieder\u012bbas robe\u017ea ir 110 kV l\u012bnijas, elektroener\u0123ijas p\u0101rvad\u012b\u0161anas tarifs b\u016bs 0,00145 eiro par kWh, bet tarifs par p\u0101rvades jaudas uztur\u0113\u0161anu b\u016bs &#8211; 11,376 eiro par kW gad\u0101.<\/p>\n<p>Lietot\u0101jiem, kuru elektroietai\u0161u pieder\u012bbas robe\u017ea ir 110 kV kopnes, elektroener\u0123ijas p\u0101rvad\u012b\u0161anas tarifs b\u016bs 0,00198 eiro par kWh, bet tarifs par p\u0101rvades jaudas uztur\u0113\u0161anu b\u016bs &#8211; 12,959 eiro par kW gad\u0101.<\/p>\n<p>Savuk\u0101rt lietot\u0101jiem, kuru elektroietai\u0161u pieder\u012bbas robe\u017ea ir 110\/6-20 kV transformatora 6-20 kV pus\u0113, elektroener\u0123ijas p\u0101rvad\u012b\u0161anas tarifs b\u016bs 0,00251 eiro par kWh, bet tarifs par p\u0101rvades jaudas uztur\u0113\u0161anu b\u016bs 14,183 eiro par kW gad\u0101.<\/p>\n","protected":false},"excerpt":{"rendered":"Sabiedrisko pakalpojumu regul\u0113\u0161anas komisija (SPRK) ir apstiprin\u0101jusi AST elektroener\u0123ijas p\u0101rvades tarifus n\u0101kamajiem trim gadiem. Katrai lietot\u0101ju grupai AST&hellip;\n","protected":false},"author":2,"featured_media":60568,"comment_status":"","ping_status":"","sticky":false,"template":"","format":"standard","meta":{"footnotes":""},"categories":[12],"tags":[23,65,28,29,1900,1901,32,33,1898,22,760,1899,90,1897,30,31,35,39,38,36,37,34,40,20,26,27,1896,67,1895,24,25,285,21],"class_list":{"0":"post-60567","1":"post","2":"type-post","3":"status-publish","4":"format-standard","5":"has-post-thumbnail","7":"category-latvija","8":"tag-aktualitates","9":"tag-auto","10":"tag-breaking-news","11":"tag-breakingnews","12":"tag-brivbridis","13":"tag-daba-un-dzivnieki","14":"tag-featured-news","15":"tag-featurednews","16":"tag-galerijas","17":"tag-headlines","18":"tag-horoskopi","19":"tag-itech","20":"tag-izklaide","21":"tag-kriminalzinas","22":"tag-latest-news","23":"tag-latestnews","24":"tag-latvia","25":"tag-latvian","26":"tag-latviesu","27":"tag-latviesu-valoda","28":"tag-latviesuvaloda","29":"tag-latvija","30":"tag-lv","31":"tag-news","32":"tag-popularakas-zinas","33":"tag-popularakaszinas","34":"tag-sieviete","35":"tag-sports","36":"tag-tava-balss","37":"tag-top-stories","38":"tag-topstories","39":"tag-zala-dzive","40":"tag-zinas"},"share_on_mastodon":{"url":"https:\/\/pubeurope.com\/@lv\/115626974874012955","error":""},"_links":{"self":[{"href":"https:\/\/www.europesays.com\/lv\/wp-json\/wp\/v2\/posts\/60567","targetHints":{"allow":["GET"]}}],"collection":[{"href":"https:\/\/www.europesays.com\/lv\/wp-json\/wp\/v2\/posts"}],"about":[{"href":"https:\/\/www.europesays.com\/lv\/wp-json\/wp\/v2\/types\/post"}],"author":[{"embeddable":true,"href":"https:\/\/www.europesays.com\/lv\/wp-json\/wp\/v2\/users\/2"}],"replies":[{"embeddable":true,"href":"https:\/\/www.europesays.com\/lv\/wp-json\/wp\/v2\/comments?post=60567"}],"version-history":[{"count":0,"href":"https:\/\/www.europesays.com\/lv\/wp-json\/wp\/v2\/posts\/60567\/revisions"}],"wp:featuredmedia":[{"embeddable":true,"href":"https:\/\/www.europesays.com\/lv\/wp-json\/wp\/v2\/media\/60568"}],"wp:attachment":[{"href":"https:\/\/www.europesays.com\/lv\/wp-json\/wp\/v2\/media?parent=60567"}],"wp:term":[{"taxonomy":"category","embeddable":true,"href":"https:\/\/www.europesays.com\/lv\/wp-json\/wp\/v2\/categories?post=60567"},{"taxonomy":"post_tag","embeddable":true,"href":"https:\/\/www.europesays.com\/lv\/wp-json\/wp\/v2\/tags?post=60567"}],"curies":[{"name":"wp","href":"https:\/\/api.w.org\/{rel}","templated":true}]}}