{"id":60620,"date":"2025-11-28T12:31:08","date_gmt":"2025-11-28T12:31:08","guid":{"rendered":"https:\/\/www.europesays.com\/lv\/60620\/"},"modified":"2025-11-28T12:31:08","modified_gmt":"2025-11-28T12:31:08","slug":"krievijas-karogs-atgriezas-dzudo","status":"publish","type":"post","link":"https:\/\/www.europesays.com\/lv\/60620\/","title":{"rendered":"Krievijas karogs atgrie\u017eas d\u017eudo"},"content":{"rendered":"<p>Starptautisk\u0101 D\u017eudo feder\u0101cija (IJF) pazi\u0146ojusi, ka Krievijas sportisti no \u0161\u012bs ned\u0113\u013cas var\u0113s  sacensties ar savu valsts karogu. Pirmais turn\u012brs, kur tas st\u0101sies sp\u0113k\u0101, b\u016bs Abu Dab\u012b Grand Slam, kas norisin\u0101sies no piektdienas l\u012bdz sv\u0113tdienai.<\/p>\n<p>IJF 2022. gada septembr\u012b aizliedza Krievijas un Baltkrievijas d\u017eudistiem piedal\u012bties glob\u0101lajos turn\u012bros l\u012bdz 2023. gada janv\u0101rim, rea\u0123\u0113jot uz Krievijas iebrukumu Ukrain\u0101. Kad 2023. gada pasaules \u010dempion\u0101t\u0101 sportistiem no Krievijas un Baltkrievijas tika \u013cauts start\u0113t neitr\u0101l\u0101 status\u0101, Ukraina turn\u012bru boikot\u0113ja.<\/p>\n<p>Baltkrievija jau \u0161\u012b gada j\u016bnij\u0101 sa\u0146\u0113ma at\u013cauju atgriezties ar savu karogu, un tagad IJF balsojum\u0101 devusi za\u013co gaismu ar\u012b Krievijai.<\/p>\n<p>Feder\u0101cijas pazi\u0146ojum\u0101 nor\u0101d\u012bts, ka v\u0113sturiski Krievija bijusi viena no vado\u0161aj\u0101m d\u017eudo n\u0101cij\u0101m pasaul\u0113, un vi\u0146u piln\u012bga atgrie\u0161an\u0101s bag\u0101tin\u0101s sacens\u012bbas visos l\u012bme\u0146os, vienlaikus saglab\u0101jot IJF principus par god\u012bgumu, iek\u013cau\u0161anu un cie\u0146u. Organiz\u0101cija piebilda, ka sports esot k\u0101 tilts, kas apvieno cilv\u0113kus un valstis sare\u017e\u0123\u012bt\u0101s konfliktu situ\u0101cj\u0101s.<\/p>\n<p>IJF l\u0113mums seko p\u0113c tam, kad Starptautisk\u0101 Paralimpisk\u0101 komiteja septembr\u012b atc\u0113la da\u013cu ierobe\u017eojumu Krievijas un Baltkrievijas para-sportistiem, \u013caujot vi\u0146iem piedal\u012bties ar savu valsts karogu 2026. gada ziemas paralimpiskaj\u0101s sp\u0113l\u0113s. Tom\u0113r vi\u0146i nevar\u0113s piedal\u012bties Mil\u0101nas-Kort\u012bnas sp\u0113l\u0113s, jo vair\u0101kas individu\u0101l\u0101s sporta feder\u0101cijas \u0161o l\u0113mumu neatbalst\u012bja vai ar\u012b kvalific\u0113t\u0101s valstis jau bija noteiktas.<\/p>\n<p>L\u012bdz\u012bga situ\u0101cija veidojas ar\u012b olimpiskaj\u0101s sp\u0113l\u0113s: Starptautisk\u0101 Olimpisk\u0101 komiteja at\u013cauj Krievijas un Baltkrievijas sportistu dal\u012bbu neitr\u0101l\u0101 status\u0101 2026. gada ziemas olimpi\u0101d\u0113, ta\u010du Starptautisk\u0101 Sl\u0113po\u0161anas un snovborda feder\u0101cija pag\u0101ju\u0161aj\u0101 m\u0113nes\u012b nobalsoja pret \u0161o iesp\u0113ju, t\u0101d\u0113\u013c \u0161o sporta veidu atl\u0113ti no ab\u0101m valst\u012bm sp\u0113l\u0113s nepiedal\u012bsies.<\/p>\n","protected":false},"excerpt":{"rendered":"Starptautisk\u0101 D\u017eudo feder\u0101cija (IJF) pazi\u0146ojusi, ka Krievijas sportisti no \u0161\u012bs ned\u0113\u013cas var\u0113s sacensties ar savu valsts karogu. Pirmais&hellip;\n","protected":false},"author":2,"featured_media":60621,"comment_status":"","ping_status":"","sticky":false,"template":"","format":"standard","meta":{"footnotes":""},"categories":[17],"tags":[129,2334,126,35,39,38,36,37,34,40,2335,127,67,2336,128],"class_list":{"0":"post-60620","1":"post","2":"type-post","3":"status-publish","4":"format-standard","5":"has-post-thumbnail","7":"category-sports","8":"tag-__typenameadvicekeyword","9":"tag-id554","10":"tag-id770","11":"tag-latvia","12":"tag-latvian","13":"tag-latviesu","14":"tag-latviesu-valoda","15":"tag-latviesuvaloda","16":"tag-latvija","17":"tag-lv","18":"tag-slugkrievija","19":"tag-slugsports","20":"tag-sports","21":"tag-titlekrievija","22":"tag-titlesports"},"share_on_mastodon":{"url":"https:\/\/pubeurope.com\/@lv\/115627339554085439","error":""},"_links":{"self":[{"href":"https:\/\/www.europesays.com\/lv\/wp-json\/wp\/v2\/posts\/60620","targetHints":{"allow":["GET"]}}],"collection":[{"href":"https:\/\/www.europesays.com\/lv\/wp-json\/wp\/v2\/posts"}],"about":[{"href":"https:\/\/www.europesays.com\/lv\/wp-json\/wp\/v2\/types\/post"}],"author":[{"embeddable":true,"href":"https:\/\/www.europesays.com\/lv\/wp-json\/wp\/v2\/users\/2"}],"replies":[{"embeddable":true,"href":"https:\/\/www.europesays.com\/lv\/wp-json\/wp\/v2\/comments?post=60620"}],"version-history":[{"count":0,"href":"https:\/\/www.europesays.com\/lv\/wp-json\/wp\/v2\/posts\/60620\/revisions"}],"wp:featuredmedia":[{"embeddable":true,"href":"https:\/\/www.europesays.com\/lv\/wp-json\/wp\/v2\/media\/60621"}],"wp:attachment":[{"href":"https:\/\/www.europesays.com\/lv\/wp-json\/wp\/v2\/media?parent=60620"}],"wp:term":[{"taxonomy":"category","embeddable":true,"href":"https:\/\/www.europesays.com\/lv\/wp-json\/wp\/v2\/categories?post=60620"},{"taxonomy":"post_tag","embeddable":true,"href":"https:\/\/www.europesays.com\/lv\/wp-json\/wp\/v2\/tags?post=60620"}],"curies":[{"name":"wp","href":"https:\/\/api.w.org\/{rel}","templated":true}]}}