{"id":60624,"date":"2025-11-28T12:34:11","date_gmt":"2025-11-28T12:34:11","guid":{"rendered":"https:\/\/www.europesays.com\/lv\/60624\/"},"modified":"2025-11-28T12:34:11","modified_gmt":"2025-11-28T12:34:11","slug":"autovaditajiem-jabut-ipasi-uzmanigiem-sorit-daudzviet-latvija-autoceli-apledo","status":"publish","type":"post","link":"https:\/\/www.europesays.com\/lv\/60624\/","title":{"rendered":"Autovad\u012bt\u0101jiem j\u0101b\u016bt \u012bpa\u0161i uzman\u012bgiem \u2013 \u0161or\u012bt daudzviet Latvij\u0101 autoce\u013ci apledo"},"content":{"rendered":"<p>\u0160or\u012bt apledojums daudzviet Latvij\u0101 apgr\u016btina brauk\u0161anu pa valsts galvenajiem un re\u0123ion\u0101lajiem autoce\u013ciem, a\u0123ent\u016bru LETA inform\u0113ja VSIA &#8220;Latvijas Valsts ce\u013ci&#8221;.<\/p>\n<p>Slidenos ce\u013ca posmus kaisa ar pretsl\u012bdes materi\u0101liem. Lai uzlabotu brauk\u0161anas apst\u0101k\u013cus, ce\u013cu uztur\u0113\u0161anas darbos iesaist\u012btas 85 ziemas dienesta tehnikas vien\u012bbas.<\/p>\n<p>Apgr\u016btin\u0101ti brauk\u0161anas aapst\u0101k\u013ci ir uz Tallinas \u0161osejas (A1) no Ber\u0123iem l\u012bdz B\u012bri\u0146u pagriezienam,Vidzemes \u0161osejas (A2) no R\u012bgas l\u012bdz Siguldai, no Aug\u0161l\u012bgatnes l\u012bdz Raunas pagriezienam un no Vire\u0161iem l\u012bdz Veclaicenei, Valmieras \u0161osejas (A3), R\u012bgas apvedce\u013ca (Salaspils-Baltezers) (A4), Daugavpils \u0161osejas (A6) no R\u012bgas l\u012bdz Piekalniem un no Aiviekstes tilta l\u012bdz Izvaldai, Jelgavas \u0161osejas (A8) posm\u0101 no Dalbes l\u012bdz Meitenei, Liep\u0101jas \u0161osejas (A9) posm\u0101 no Ka\u0123iem l\u012bdz Ap\u0161upes krustojumam, R\u0113zeknes \u0161osejas (A12) no J\u0113kabpils l\u012bdz Varak\u013c\u0101niem un no Stolbovkas l\u012bdz Terehovai, autoce\u013ca Krievijas robe\u017ea (Greb\u0146eva) &#8211; R\u0113zekne &#8211; Daugavpils &#8211; Lietuvas robe\u017ea (Medumi) (A13) no Greb\u0146evas l\u012bdz B\u0113rzgalei un no Ru\u0161e\u0146icas l\u012bdz Medumiem, Daugavpils apvedce\u013ca (A14) vis\u0101 posm\u0101, k\u0101 ar\u012b autoce\u013ca T\u012bn\u016b\u017ei-Koknese (P80) no T\u012bn\u016b\u017eiem l\u012bdz Skr\u012bveru pagriezienam.<\/p>\n<p>Uz re\u0123ion\u0101lajiem autoce\u013ciem apgr\u016btin\u0101ta brauk\u0161ana ir vis\u0101 Latvij\u0101, iz\u0146emot R\u012bgas, Bauskas, Tukuma, Dobeles, R\u0113zeknes, Kr\u0101slavas un Limba\u017eu apk\u0101rtni.<\/p>\n<p>Autovad\u01f0t\u0101ji aicin\u0101ti r\u0113\u0137in\u0101ties ar laikapst\u0101k\u013ciem, pl\u0101nojot braucienus, atv\u0113l\u0113t papildu laiku ce\u013cam, izv\u0113l\u0113ties brauk\u0161anas \u0101trumu, kas atbilst ce\u013cu seguma st\u0101voklim, k\u0101 ar\u012b dro\u0161u distanci.<\/p>\n","protected":false},"excerpt":{"rendered":"\u0160or\u012bt apledojums daudzviet Latvij\u0101 apgr\u016btina brauk\u0161anu pa valsts galvenajiem un re\u0123ion\u0101lajiem autoce\u013ciem, a\u0123ent\u016bru LETA inform\u0113ja VSIA &#8220;Latvijas Valsts&hellip;\n","protected":false},"author":2,"featured_media":60625,"comment_status":"","ping_status":"","sticky":false,"template":"","format":"standard","meta":{"footnotes":""},"categories":[12],"tags":[129,4274,23,28,29,32,33,22,30,31,35,39,38,36,37,34,40,20,26,27,4275,4276,24,25,21],"class_list":{"0":"post-60624","1":"post","2":"type-post","3":"status-publish","4":"format-standard","5":"has-post-thumbnail","7":"category-latvija","8":"tag-__typenameadvicekeyword","9":"tag-id558","10":"tag-aktualitates","11":"tag-breaking-news","12":"tag-breakingnews","13":"tag-featured-news","14":"tag-featurednews","15":"tag-headlines","16":"tag-latest-news","17":"tag-latestnews","18":"tag-latvia","19":"tag-latvian","20":"tag-latviesu","21":"tag-latviesu-valoda","22":"tag-latviesuvaloda","23":"tag-latvija","24":"tag-lv","25":"tag-news","26":"tag-popularakas-zinas","27":"tag-popularakaszinas","28":"tag-slugcelu-satiksme","29":"tag-titlecelu-satiksme","30":"tag-top-stories","31":"tag-topstories","32":"tag-zinas"},"share_on_mastodon":{"url":"https:\/\/pubeurope.com\/@lv\/115627351395478296","error":""},"_links":{"self":[{"href":"https:\/\/www.europesays.com\/lv\/wp-json\/wp\/v2\/posts\/60624","targetHints":{"allow":["GET"]}}],"collection":[{"href":"https:\/\/www.europesays.com\/lv\/wp-json\/wp\/v2\/posts"}],"about":[{"href":"https:\/\/www.europesays.com\/lv\/wp-json\/wp\/v2\/types\/post"}],"author":[{"embeddable":true,"href":"https:\/\/www.europesays.com\/lv\/wp-json\/wp\/v2\/users\/2"}],"replies":[{"embeddable":true,"href":"https:\/\/www.europesays.com\/lv\/wp-json\/wp\/v2\/comments?post=60624"}],"version-history":[{"count":0,"href":"https:\/\/www.europesays.com\/lv\/wp-json\/wp\/v2\/posts\/60624\/revisions"}],"wp:featuredmedia":[{"embeddable":true,"href":"https:\/\/www.europesays.com\/lv\/wp-json\/wp\/v2\/media\/60625"}],"wp:attachment":[{"href":"https:\/\/www.europesays.com\/lv\/wp-json\/wp\/v2\/media?parent=60624"}],"wp:term":[{"taxonomy":"category","embeddable":true,"href":"https:\/\/www.europesays.com\/lv\/wp-json\/wp\/v2\/categories?post=60624"},{"taxonomy":"post_tag","embeddable":true,"href":"https:\/\/www.europesays.com\/lv\/wp-json\/wp\/v2\/tags?post=60624"}],"curies":[{"name":"wp","href":"https:\/\/api.w.org\/{rel}","templated":true}]}}