{"id":60626,"date":"2025-11-28T12:35:13","date_gmt":"2025-11-28T12:35:13","guid":{"rendered":"https:\/\/www.europesays.com\/lv\/60626\/"},"modified":"2025-11-28T12:35:13","modified_gmt":"2025-11-28T12:35:13","slug":"seska-ekipaza-sauda-arabijas-wrc-posmu-turpina-otraja-vieta-motoru-sports-sportacentrs-com","status":"publish","type":"post","link":"https:\/\/www.europesays.com\/lv\/60626\/","title":{"rendered":"Seska ekip\u0101\u017ea Sa\u016bda Ar\u0101bijas WRC posmu turpina otraj\u0101 viet\u0101 \u2013 Motoru sports \u2013 Sportacentrs.com"},"content":{"rendered":"<p>Diena s\u0101k\u0101s ar 11.69 km garo &#8220;Alghullah 1&#8221; \u0101trumposmu, kur\u0101 Sesks uzr\u0101d\u012bja tre\u0161o rezult\u0101tu, uzvar\u0113t\u0101jam Adrienam Furmo piek\u0101pjoties par 2.9 sekund\u0113m. Priek\u0161\u0101 bija ar\u012b Sami Pajari.<\/p>\n<p>&#8220;M\u0113\u0123in\u0101ju braukt \u0101tr\u0101k, bet pie\u013c\u0101vu stulbas k\u013c\u016bdas,&#8221; fini\u0161\u0101 koment\u0113ja latvie\u0161u ekip\u0101\u017eas pilots.<\/p>\n<p>Savuk\u0101rt 30.58 km garaj\u0101 &#8220;Um Al Jerem 1&#8221; Sesks tikai 0.1 sekundi pazaud\u0113ja uzvar\u0113t\u0101jam Otam Tanakam un ie\u0146\u0113ma otro vietu. Tobr\u012bd latvie\u0161iem rallija kopv\u0113rt\u0113jum\u0101 izdev\u0101s pacelties no tre\u0161\u0101s uz otro vietu, apsteidzot Pajari ekip\u0101\u017eu. Furmo aizvien bija l\u012bderis ar 4.2 sekun\u017eu p\u0101rsvaru, kam\u0113r Pajari sekoja 1 sekundi aiz Seska.<\/p>\n<p>Sesks fini\u0161u sasniedza ar saboj\u0101tiem diskiem:<\/p>\n<p>Priek\u0161pusdienas tre\u0161aj\u0101 \u0101trumposm\u0101 &#8220;Wadi Almatwi 1&#8221;, kas bija 24.90 km gar\u0161, Seskam izdev\u0101s sasniegt otro lab\u0101ko laiku, par 1.8 sekund\u0113m piek\u0101pjoties tikai Tanakam. Savuk\u0101rt rallija kopv\u0113rt\u0113jum\u0101 tas Seska\/Fran\u010da ekip\u0101\u017eai \u013cauj saglab\u0101t otro vietu. Furmo ir 2.9 sekundes priek\u0161\u0101, bet maz\u0101k par desmit sekund\u0113m l\u012bderim \u0161obr\u012bd zaud\u0113 gan m\u016bsu ekip\u0101\u017ea, gan Pajari un Tanaks. C\u012b\u0146a par uzvaru \u0161obr\u012bd norit spraigi.<\/p>\n<p>&#8220;\u0100trumposma s\u0101kum\u0101 bija vietas, kur var\u0113ju b\u016bt \u0101tr\u0101ks, bet ir labi,&#8221; sac\u012bja Sesks.<\/p>\n<p>Tikm\u0113r dramatisks pav\u0113rsiens noticis c\u012b\u0146\u0101 par titulu. Elfins Evanss sacens\u012bbu 11. \u0101trumposm\u0101 jau s\u0101kum\u0101 bija spiests apst\u0101ties, lai nomain\u012btu riepu un zaud\u0113ja vair\u0101k par div\u0101m min\u016bt\u0113m. Pirms tam vi\u0146\u0161 ie\u0146\u0113ma dev\u012bto vietu sacens\u012bbu kopv\u0113rt\u0113jum\u0101, bet tagad ir desmitais. Sebastj\u0113ns O\u017ej\u0113 pa\u0161laik sept\u012btais, bet Kalle Rovanpera &#8211; astotais. Ar\u012b Rovanpera SS11 p\u0101rsita riepu, ta\u010du tas notika net\u0101lu pirms fini\u0161a un daudz laika nen\u0101c\u0101s zaud\u0113t.<\/p>\n<p>Rezult\u0101ti p\u0113c 11. \u0101trumposma:<img decoding=\"async\" src=\"https:\/\/www.europesays.com\/lv\/wp-content\/uploads\/2025\/11\/wrc-ss11-023.jpg\" class=\"img-fluid\"\/><\/p>\n<p>Visi rezult\u0101ti: <a target=\"_blank\" href=\"https:\/\/ewrc-results.com\/results\/90029-rally-saudi-arabia-2025\/?s=505747\" rel=\"nofollow noopener\">https:\/\/ewrc-results.com\/results\/90&#8230;<\/a><\/p>\n","protected":false},"excerpt":{"rendered":"Diena s\u0101k\u0101s ar 11.69 km garo &#8220;Alghullah 1&#8221; \u0101trumposmu, kur\u0101 Sesks uzr\u0101d\u012bja tre\u0161o rezult\u0101tu, uzvar\u0113t\u0101jam Adrienam Furmo piek\u0101pjoties&hellip;\n","protected":false},"author":2,"featured_media":60627,"comment_status":"","ping_status":"","sticky":false,"template":"","format":"standard","meta":{"footnotes":""},"categories":[5],"tags":[23,28,29,32,33,22,30,31,35,39,38,36,37,34,40,165,20,26,27,24,25,21],"class_list":{"0":"post-60626","1":"post","2":"type-post","3":"status-publish","4":"format-standard","5":"has-post-thumbnail","7":"category-aktualitates","8":"tag-aktualitates","9":"tag-breaking-news","10":"tag-breakingnews","11":"tag-featured-news","12":"tag-featurednews","13":"tag-headlines","14":"tag-latest-news","15":"tag-latestnews","16":"tag-latvia","17":"tag-latvian","18":"tag-latviesu","19":"tag-latviesu-valoda","20":"tag-latviesuvaloda","21":"tag-latvija","22":"tag-lv","23":"tag-motoru-sports","24":"tag-news","25":"tag-popularakas-zinas","26":"tag-popularakaszinas","27":"tag-top-stories","28":"tag-topstories","29":"tag-zinas"},"share_on_mastodon":{"url":"https:\/\/pubeurope.com\/@lv\/115627355284627677","error":""},"_links":{"self":[{"href":"https:\/\/www.europesays.com\/lv\/wp-json\/wp\/v2\/posts\/60626","targetHints":{"allow":["GET"]}}],"collection":[{"href":"https:\/\/www.europesays.com\/lv\/wp-json\/wp\/v2\/posts"}],"about":[{"href":"https:\/\/www.europesays.com\/lv\/wp-json\/wp\/v2\/types\/post"}],"author":[{"embeddable":true,"href":"https:\/\/www.europesays.com\/lv\/wp-json\/wp\/v2\/users\/2"}],"replies":[{"embeddable":true,"href":"https:\/\/www.europesays.com\/lv\/wp-json\/wp\/v2\/comments?post=60626"}],"version-history":[{"count":0,"href":"https:\/\/www.europesays.com\/lv\/wp-json\/wp\/v2\/posts\/60626\/revisions"}],"wp:featuredmedia":[{"embeddable":true,"href":"https:\/\/www.europesays.com\/lv\/wp-json\/wp\/v2\/media\/60627"}],"wp:attachment":[{"href":"https:\/\/www.europesays.com\/lv\/wp-json\/wp\/v2\/media?parent=60626"}],"wp:term":[{"taxonomy":"category","embeddable":true,"href":"https:\/\/www.europesays.com\/lv\/wp-json\/wp\/v2\/categories?post=60626"},{"taxonomy":"post_tag","embeddable":true,"href":"https:\/\/www.europesays.com\/lv\/wp-json\/wp\/v2\/tags?post=60626"}],"curies":[{"name":"wp","href":"https:\/\/api.w.org\/{rel}","templated":true}]}}