{"id":60636,"date":"2025-11-28T12:46:13","date_gmt":"2025-11-28T12:46:13","guid":{"rendered":"https:\/\/www.europesays.com\/lv\/60636\/"},"modified":"2025-11-28T12:46:13","modified_gmt":"2025-11-28T12:46:13","slug":"spried-ar-delfi-par-sunu-apraides-testu-un-atklatajiem-apzinosanas-sistemas-trukumiem","status":"publish","type":"post","link":"https:\/\/www.europesays.com\/lv\/60636\/","title":{"rendered":"&#8220;Spried ar Delfi&#8221; par \u0161\u016bnu apraides testu un atkl\u0101tajiem apzi\u0146o\u0161anas sist\u0113mas tr\u016bkumiem"},"content":{"rendered":"<p>Lai p\u0101rbaud\u012btu valsts agr\u012bn\u0101s br\u012bdin\u0101\u0161anas sist\u0113mas darb\u012bbu, 26. novembr\u012b vis\u0101 valst\u012b uz tr\u012bs min\u016bt\u0113m tika iedarbin\u0101tas trauksmes sir\u0113nas un uz iedz\u012bvot\u0101ju viedt\u0101lru\u0146iem nos\u016bt\u012bti \u0161\u016bnu apraides pazi\u0146ojumi par trauksmes sir\u0113nu iedarbin\u0101\u0161anas iemeslu. Visas p\u0101rbaud\u012bt\u0101s trauksmes sir\u0113nas nostr\u0101d\u0101ja, ta\u010du ar \u0161\u016bnu apraides pazi\u0146ojumu sa\u0146em\u0161anu sekm\u0113j\u0101s slikt\u0101k \u2013 liela da\u013ca &#8220;Android&#8221; oper\u0113t\u0101jsist\u0113mu ier\u012b\u010du \u012bpa\u0161nieki pazi\u0146ojumus nesa\u0146\u0113ma. K\u0101 darbojas \u0161\u012b tehnolo\u0123ija un k\u0101das ir t\u0101s priek\u0161roc\u012bbas sal\u012bdzin\u0101jum\u0101 ar cit\u0101m apzi\u0146o\u0161anas metod\u0113m? Cik izmaks\u0101 jaun\u0101s sist\u0113mas uztur\u0113\u0161ana? Un k\u0101p\u0113c da\u013ca iedz\u012bvot\u0101ju nesa\u0146\u0113ma \u0161\u016bnu apraides pazi\u0146ojumus? Par \u0161iem un citiem jaut\u0101jumiem raid\u012bjum\u0101 &#8220;Spried ar Delfi&#8221; pirmdien, 1. decembr\u012b, pulksten 12 \u017eurn\u0101lists Andris Auz\u0101ns run\u0101s ar Iek\u0161lietu ministrijas inform\u0101cijas centra priek\u0161nieku \u0100ri Dz\u0113rv\u0101nu un Valsts ugunsdz\u0113s\u012bbas un gl\u0101b\u0161anas dienesta (VUGD) priek\u0161nieka vietnieku Ivaru Nakurtu. <\/p>\n<p>\u0160ovasar Latvij\u0101 ieviesta \u0161\u016bnu apraides sist\u0113ma \u2013  r\u012bks sabiedr\u012bbas br\u012bdin\u0101\u0161anai \u0101rk\u0101rtas situ\u0101cij\u0101s, kas \u013cauj valstij nodot iedz\u012bvot\u0101jiem b\u016btisku pazi\u0146ojumu da\u017eu min\u016b\u0161u laik\u0101. K\u0101 iepriek\u0161 skaidroju\u0161i sist\u0113mas ievies\u0113ji, lai sa\u0146emtu pazi\u0146ojumus, iedz\u012bvot\u0101jiem vien j\u0101r\u016bp\u0113jas par to, lai telefoni ir uzl\u0101d\u0113ti un atjaunin\u0101ti. Turkl\u0101t sol\u012bts, ka ar\u012b bez SIM kartes \u0161ie pazi\u0146ojumi tiks sa\u0146emti.<\/p>\n<p>Preses konferenc\u0113 p\u0113c 26. novembr\u012b veikt\u0101s trauksmes sir\u0113nu un \u0161\u016bnu apraides sist\u0113mas darb\u012bbas p\u0101rbaudes iek\u0161lietu ministrs Rihards Kozlovskis (JV) pauda, ka testa rezult\u0101ti ir biju\u0161i pozit\u012bvi \u2013 visas p\u0101rbaud\u012bt\u0101s trauksmes sir\u0113nas ir nostr\u0101d\u0101ju\u0161as un 99,9% \u0161\u016bnu apraides zi\u0146ojumi ir sa\u0146emti. <\/p>\n<p>Savuk\u0101rt iemesls, k\u0101d\u0113\u013c liela da\u013ca &#8220;Android&#8221; oper\u0113t\u0101jsist\u0113mu ier\u012b\u010du \u012bpa\u0161nieki nav sa\u0146\u0113mu\u0161i pazi\u0146ojumus, esot saist\u012bts ar uzst\u0101d\u012bjumiem telefon\u0101, kas p\u0113c noklus\u0113juma paredz nesa\u0146emt \u0161\u0101dus m\u0101c\u012bbu zi\u0146ojumus. Tas gan nenoz\u012bm\u0113jot, ka \u012bsta apdraud\u0113juma gad\u012bjum\u0101 da\u013ca iedz\u012bvot\u0101ju paliktu bez br\u012bdin\u0101juma.<\/p>\n<p>Tiesa, uz \u017eurn\u0101listu jaut\u0101jumu par to, vai VUGD zin\u0101ja, ka &#8220;Android&#8221; lietot\u0101ji \u0161\u0101du testa pazi\u0146ojumu nesa\u0146ems, VUGD priek\u0161nieks M\u0101rti\u0146\u0161 Baltmanis atbild\u0113ja noraido\u0161i \u2013 tas tika noskaidrots p\u0113c p\u0101rbaudes. Baltmanis nor\u0101d\u012bja, ka viedt\u0101lru\u0146a iestat\u012bjumos j\u0101aktiviz\u0113 m\u0101c\u012bbu pazi\u0146ojumu sa\u0146em\u0161ana, lai turpm\u0101k, divreiz gad\u0101 veicot \u0161\u0101du p\u0101rbaudi, tas tiktu sa\u0146emts.<\/p>\n<p>Preses konferenc\u0113 ar\u012b izskan\u0113ja, ka Iek\u0161lietu ministrijas Inform\u0101cijas centrs pl\u0101no atk\u0101rtoti komunic\u0113t ar oper\u0113t\u0101jsist\u0113mu izstr\u0101d\u0101t\u0101jiem &#8220;Apple&#8221; un &#8220;Google&#8221; par nepiecie\u0161amajiem \u0161\u016bnu apraides pazi\u0146ojuma uzst\u0101d\u012bjumiem, lai nodro\u0161in\u0101tu, ka visi \u0161\u016bnu apraides pazi\u0146ojuma veidi viedt\u0101lru\u0146os ir autom\u0101tiski iesl\u0113gti. <\/p>\n<p>T\u0101pat zi\u0146ots, ka, lai iepaz\u012bstin\u0101tu iedz\u012bvot\u0101jus ar jauno sist\u0113mu no 12. novembra l\u012bdz 3. decembrim Iek\u0161lietu ministrija kop\u0101 ar VUGD r\u012bko sabiedr\u012bbas inform\u0113\u0161anas kampa\u0146u &#8220;\u0160\u016bnu apraide \u2013 esi inform\u0113ts un r\u012bkojies!&#8221;, kuras laik\u0101 tiek skaidrots, kas ir \u0161\u016bnu apraide, k\u0101 t\u0101 darbojas un k\u0101 t\u0101 skars ikvienu Latvijas iedz\u012bvot\u0101ju. <\/p>\n<p>Jau v\u0113st\u012bts, ka p\u0113rn Iek\u0161lietu ministrijas Inform\u0101cijas centrs nosl\u0113dza l\u012bgumu ar iepirkuma konkursa uzvar\u0113t\u0101ju SIA &#8220;Meditec&#8221; par agr\u012bn\u0101s br\u012bdin\u0101\u0161anas sist\u0113mas papildin\u0101\u0161anu ar \u0161\u016bnu apraides tehnolo\u0123iju.<\/p>\n<p>Projekta kop\u0113jais bud\u017eets bija 3,4 miljonu eiro, no kuriem 2,9 miljonus eiro nodro\u0161in\u0101ja Eiropas Re\u0123ion\u0101l\u0101s att\u012bst\u012bbas fonds, savuk\u0101rt atliku\u0161ie 500 000 eiro bija valsts finans\u0113jums.<\/p>\n<p>Savus jaut\u0101jumus raid\u012bjuma viesiem s\u016btiet uz e-pastu <a rel=\"noopener nofollow\" href=\"https:\/\/www.delfi.lv\/video\/53950177\/spried-ar-delfi\/120096953\/mailto:spried@delfi.lv\" target=\"_blank\">spried@delfi.lv<\/a> vai vietn\u0113<a rel=\"noopener nofollow\" target=\"_blank\" href=\"https:\/\/app.sli.do\/event\/3ad3EeqasG4mJuuiBvM2bv\" data-rel-date-range=\"[]\"> slido.com<\/a>, izmantojot kodu #Trauksme.<\/p>\n<p>Raid\u012bjuma <a rel=\"noopener nofollow\" target=\"_blank\" href=\"https:\/\/www.delfi.lv\/temas\/52957207\/spried-ar-delfi\" data-rel-date-range=\"[]\">&#8220;Spried ar Delfi<\/a>&#8221; jaun\u0101k\u0101s epizodes ir pieejamas <a rel=\"noopener nofollow\" target=\"_blank\" href=\"https:\/\/podcasts.apple.com\/lv\/podcast\/spried-ar-delfi\/id1600051267\" data-rel-date-range=\"[]\">Apple<\/a> un <a rel=\"noopener nofollow\" target=\"_blank\" href=\"https:\/\/open.spotify.com\/show\/1xlLIWwWF0TtscTAUhGMUv?si=Q8r5UNi3QYyF1w3cUZrAWw&amp;nd=1&amp;dlsi=f709a12a5af54acf\" data-rel-date-range=\"[]\">Spotify<\/a> podk\u0101stos!<\/p>\n<p class=\"m-0\">Seko &#8220;Delfi&#8221; ar\u012b  <a target=\"_blank\" href=\"https:\/\/www.instagram.com\/delfi.lv\/\" rel=\"nofollow noopener\">Instagram<\/a>  un <a target=\"_blank\" href=\"https:\/\/www.youtube.com\/channel\/UCw5foWtcJvAbUm64rv7jwUQ\" rel=\"nofollow noopener\">YouTube<\/a>  profil\u0101 \u2013 pievienojies, lai uzzin\u0101tu svar\u012bg\u0101ko un interesant\u0101ko pirmais!<\/p>\n<p>Publik\u0101cijas saturs vai t\u0101s jebk\u0101da apjoma da\u013ca ir aizsarg\u0101ts autorties\u012bbu objekts Autorties\u012bbu likuma izpratn\u0113, un t\u0101 izmanto\u0161ana bez izdev\u0113ja at\u013caujas ir aizliegta. Vair\u0101k lasi  <a target=\"_blank\" href=\"https:\/\/www.delfi.lv\/noteikumi#autortiesibas\" rel=\"nofollow noopener\">\u0161eit<\/a><script async src=\"\/\/www.instagram.com\/embed.js\"><\/script><\/p>\n","protected":false},"excerpt":{"rendered":"Lai p\u0101rbaud\u012btu valsts agr\u012bn\u0101s br\u012bdin\u0101\u0161anas sist\u0113mas darb\u012bbu, 26. novembr\u012b vis\u0101 valst\u012b uz tr\u012bs min\u016bt\u0113m tika iedarbin\u0101tas trauksmes sir\u0113nas&hellip;\n","protected":false},"author":2,"featured_media":60637,"comment_status":"","ping_status":"","sticky":false,"template":"","format":"standard","meta":{"footnotes":""},"categories":[12],"tags":[1546,23,28,29,334,32,33,22,6604,30,31,35,39,38,36,37,34,40,20,4955,26,27,4954,24,25,12428,4908,21],"class_list":{"0":"post-60636","1":"post","2":"type-post","3":"status-publish","4":"format-standard","5":"has-post-thumbnail","7":"category-latvija","8":"tag-aizsardziba","9":"tag-aktualitates","10":"tag-breaking-news","11":"tag-breakingnews","12":"tag-drosiba","13":"tag-featured-news","14":"tag-featurednews","15":"tag-headlines","16":"tag-iekslietu-ministrija","17":"tag-latest-news","18":"tag-latestnews","19":"tag-latvia","20":"tag-latvian","21":"tag-latviesu","22":"tag-latviesu-valoda","23":"tag-latviesuvaloda","24":"tag-latvija","25":"tag-lv","26":"tag-news","27":"tag-par-aktualo","28":"tag-popularakas-zinas","29":"tag-popularakaszinas","30":"tag-spried-ar-delfi","31":"tag-top-stories","32":"tag-topstories","33":"tag-valsts-ugunsdzesibas-un-glabsanas-dienests","34":"tag-vugd","35":"tag-zinas"},"share_on_mastodon":{"url":"https:\/\/pubeurope.com\/@lv\/115627398513908835","error":""},"_links":{"self":[{"href":"https:\/\/www.europesays.com\/lv\/wp-json\/wp\/v2\/posts\/60636","targetHints":{"allow":["GET"]}}],"collection":[{"href":"https:\/\/www.europesays.com\/lv\/wp-json\/wp\/v2\/posts"}],"about":[{"href":"https:\/\/www.europesays.com\/lv\/wp-json\/wp\/v2\/types\/post"}],"author":[{"embeddable":true,"href":"https:\/\/www.europesays.com\/lv\/wp-json\/wp\/v2\/users\/2"}],"replies":[{"embeddable":true,"href":"https:\/\/www.europesays.com\/lv\/wp-json\/wp\/v2\/comments?post=60636"}],"version-history":[{"count":0,"href":"https:\/\/www.europesays.com\/lv\/wp-json\/wp\/v2\/posts\/60636\/revisions"}],"wp:featuredmedia":[{"embeddable":true,"href":"https:\/\/www.europesays.com\/lv\/wp-json\/wp\/v2\/media\/60637"}],"wp:attachment":[{"href":"https:\/\/www.europesays.com\/lv\/wp-json\/wp\/v2\/media?parent=60636"}],"wp:term":[{"taxonomy":"category","embeddable":true,"href":"https:\/\/www.europesays.com\/lv\/wp-json\/wp\/v2\/categories?post=60636"},{"taxonomy":"post_tag","embeddable":true,"href":"https:\/\/www.europesays.com\/lv\/wp-json\/wp\/v2\/tags?post=60636"}],"curies":[{"name":"wp","href":"https:\/\/api.w.org\/{rel}","templated":true}]}}