{"id":60651,"date":"2025-11-28T13:05:08","date_gmt":"2025-11-28T13:05:08","guid":{"rendered":"https:\/\/www.europesays.com\/lv\/60651\/"},"modified":"2025-11-28T13:05:08","modified_gmt":"2025-11-28T13:05:08","slug":"daudzi-procesi-budzeta-izskatisanas-laika-vairak-izskatijas-pec-santazas","status":"publish","type":"post","link":"https:\/\/www.europesays.com\/lv\/60651\/","title":{"rendered":"Daudzi procesi bud\u017eeta izskat\u012b\u0161anas laik\u0101 vair\u0101k izskat\u012bj\u0101s p\u0113c \u0161ant\u0101\u017eas"},"content":{"rendered":"<p>&#8220;T\u0101 vair\u0101k izskat\u012bj\u0101s p\u0113c \u0161ant\u0101\u017eas un tirgo\u0161an\u0101s. T\u0101d\u0113\u013c jaut\u0101jums bud\u017eeta griezum\u0101 nav tikai par to, vai mums vajag naudu, bet ar\u012b par to, vai veids un procesi, k\u0101 m\u0113s bud\u017eetu izskat\u0101m, pie\u0146emam un par to diskut\u0113jam, ir skaidri. (..)<\/p>\n<blockquote class=\"quote ck-widget\" contenteditable=\"false\">\n<p>Man tas izskat\u0101s p\u0113c partiju PR kara retorikas, kur\u0101 katrs spie\u017e uz sevi,&#8221; nor\u0101da Ostrovskis.<\/p>\n<\/blockquote>\n<p>Vi\u0146\u0161 ar\u012b sac\u012bja, ka pa\u0161reiz\u0113j\u0101 vald\u012bba faktiski ir maz\u0101kuma vald\u012bba.<\/p>\n<p>Raid\u012bjum\u0101 piedal\u012bj\u0101s ar\u012b Latvijas Telev\u012bzijas \u017eurn\u0101lists J\u0101nis Domburs, politolo\u0123e Lelde Metla-Rozent\u0101le un port\u0101la &#8220;Delfi&#8221; \u017eurn\u0101lists Raivis Spalv\u0113ns. Diskut\u0113jot par iesp\u0113jamo vald\u012bbas kri\u0161anu, raid\u012bjuma dal\u012bbnieki pie\u013c\u0101va, ka pa\u0161reiz\u0113j\u0101 vald\u012bba tom\u0113r var\u0113tu notur\u0113ties l\u012bdz n\u0101kamaj\u0101m Saeimas v\u0113l\u0113\u0161an\u0101m, kas notiks p\u0113c gada, 2026. gada oktobr\u012b.<\/p>\n<p>TVNET jau v\u0113st\u012bja, ka politologa Jura Rozenvalda ieskat\u0101 pirms bud\u017eeta pie\u0146em\u0161anas vald\u012bba, visticam\u0101k, nekrit\u012bs. Tom\u0113r tas, vai vald\u012bba nekrit\u012bs ar\u012b p\u0113c bud\u017eeta pie\u0146em\u0161anas, ir \u013coti aktu\u0101ls jaut\u0101jums.<\/p>\n<p>&#8220;To ir gr\u016bti pateikt, jo gan &#8220;Progres\u012bvie&#8221;, gan Za\u013co un zemnieku savien\u012bba (ZZS) pazi\u0146oju\u0161i, ka vi\u0146i negrib g\u0101zt vald\u012bbu, bet taj\u0101 pa\u0161\u0101 laik\u0101 vi\u0146i ka\u0161\u0137\u0113jas t\u0101, ka t\u0101l\u0101k gr\u016bti iedom\u0101ties &#8211; v\u0113l tikai ar d\u016bru pal\u012bdz\u012bbu j\u0101s\u0101k skaidroties,&#8221; sac\u012bja Rozenvalds.<\/p>\n<p>Paredz\u0113ts, ka parlament\u0101rie\u0161i gal\u012bgaj\u0101 las\u012bjum\u0101 par n\u0101kam\u0101 gada bud\u017eetu un to pavado\u0161ajiem likumprojektiem lems 3. decembr\u012b.<\/p>\n","protected":false},"excerpt":{"rendered":"&#8220;T\u0101 vair\u0101k izskat\u012bj\u0101s p\u0113c \u0161ant\u0101\u017eas un tirgo\u0161an\u0101s. T\u0101d\u0113\u013c jaut\u0101jums bud\u017eeta griezum\u0101 nav tikai par to, vai mums vajag&hellip;\n","protected":false},"author":2,"featured_media":21752,"comment_status":"","ping_status":"","sticky":false,"template":"","format":"standard","meta":{"footnotes":""},"categories":[5],"tags":[23,28,29,32,33,22,30,31,35,39,38,36,37,34,40,20,26,27,15999,24,25,14348,21],"class_list":{"0":"post-60651","1":"post","2":"type-post","3":"status-publish","4":"format-standard","5":"has-post-thumbnail","7":"category-aktualitates","8":"tag-aktualitates","9":"tag-breaking-news","10":"tag-breakingnews","11":"tag-featured-news","12":"tag-featurednews","13":"tag-headlines","14":"tag-latest-news","15":"tag-latestnews","16":"tag-latvia","17":"tag-latvian","18":"tag-latviesu","19":"tag-latviesu-valoda","20":"tag-latviesuvaloda","21":"tag-latvija","22":"tag-lv","23":"tag-news","24":"tag-popularakas-zinas","25":"tag-popularakaszinas","26":"tag-toms-ostrovskis","27":"tag-top-stories","28":"tag-topstories","29":"tag-tvnet-grupa","30":"tag-zinas"},"share_on_mastodon":{"url":"https:\/\/pubeurope.com\/@lv\/115627473219566421","error":""},"_links":{"self":[{"href":"https:\/\/www.europesays.com\/lv\/wp-json\/wp\/v2\/posts\/60651","targetHints":{"allow":["GET"]}}],"collection":[{"href":"https:\/\/www.europesays.com\/lv\/wp-json\/wp\/v2\/posts"}],"about":[{"href":"https:\/\/www.europesays.com\/lv\/wp-json\/wp\/v2\/types\/post"}],"author":[{"embeddable":true,"href":"https:\/\/www.europesays.com\/lv\/wp-json\/wp\/v2\/users\/2"}],"replies":[{"embeddable":true,"href":"https:\/\/www.europesays.com\/lv\/wp-json\/wp\/v2\/comments?post=60651"}],"version-history":[{"count":0,"href":"https:\/\/www.europesays.com\/lv\/wp-json\/wp\/v2\/posts\/60651\/revisions"}],"wp:featuredmedia":[{"embeddable":true,"href":"https:\/\/www.europesays.com\/lv\/wp-json\/wp\/v2\/media\/21752"}],"wp:attachment":[{"href":"https:\/\/www.europesays.com\/lv\/wp-json\/wp\/v2\/media?parent=60651"}],"wp:term":[{"taxonomy":"category","embeddable":true,"href":"https:\/\/www.europesays.com\/lv\/wp-json\/wp\/v2\/categories?post=60651"},{"taxonomy":"post_tag","embeddable":true,"href":"https:\/\/www.europesays.com\/lv\/wp-json\/wp\/v2\/tags?post=60651"}],"curies":[{"name":"wp","href":"https:\/\/api.w.org\/{rel}","templated":true}]}}