{"id":60687,"date":"2025-11-28T14:05:13","date_gmt":"2025-11-28T14:05:13","guid":{"rendered":"https:\/\/www.europesays.com\/lv\/60687\/"},"modified":"2025-11-28T14:05:13","modified_gmt":"2025-11-28T14:05:13","slug":"eiropols-starptautiska-meklesana-izsludina-noziedznieku-kurs-pedejo-reizi-manits-latvija","status":"publish","type":"post","link":"https:\/\/www.europesays.com\/lv\/60687\/","title":{"rendered":"&#8220;Eiropols&#8221; starptautisk\u0101 mekl\u0113\u0161an\u0101 izsludina noziedznieku, kur\u0161 p\u0113d\u0113jo reizi man\u012bts Latvij\u0101"},"content":{"rendered":"<p>2003. gad\u0101 dzimu\u0161ais <a href=\"https:\/\/www.apollo.lv\/term\/821669\/edmunds-burkevics\" class=\"topicLink\" target=\"_blank\" rel=\"nofollow noopener\">Edmunds Burkevi\u010ds<\/a> tiek mekl\u0113ts par noziegumiem, kas izdar\u012bti laika posm\u0101 no 2021. gada l\u012bdz 2023. gadam.<\/p>\n<p>Igaunijas policija v\u012brieti mekl\u0113\u0161an\u0101 izsludin\u0101jusi saist\u012bb\u0101 ar lielu narkotisko vielu daudzuma nelikum\u012bgu apriti, fizisku vardarb\u012bbu, z\u0101dz\u012bbu un naudas l\u012bdzek\u013cu piesavin\u0101\u0161anos.<\/p>\n<p>Burkevi\u010da p\u0113d\u0113j\u0101 zin\u0101m\u0101 atra\u0161an\u0101s vieta ir <a href=\"https:\/\/www.apollo.lv\/term\/555432\/latvija\" class=\"topicLink\" target=\"_blank\" rel=\"nofollow noopener\">Latvija<\/a>.<\/p>\n<p>Saist\u012bb\u0101 ar pastr\u0101d\u0101tajiem noziegumiem Burkevi\u010ds Igaunij\u0101 noties\u0101ts ar \u010detru gadu un \u010detru m\u0113ne\u0161u cietumsodu.<\/p>\n<p>Eirop\u0101 mekl\u0113t\u0101ko noziedznieku sarakst\u0101 no Latvijas atrodams Leons Rusi\u0146\u0161 un M\u0101ris Jankevics. Abi v\u012brie\u0161i sarakst\u0101 ir atz\u012bm\u0113ti k\u0101 b\u012bstami un ilgsto\u0161i mekl\u0113 par cietsird\u012bg\u0101m slepkav\u012bb\u0101m.<\/p>\n<p>Starptautiski mekl\u0113to cilv\u0113ku sarakst\u0101 joproj\u0101m ir ar\u012b cits noziedznieks. 2023. gada maija s\u0101kum\u0101 Eiropas Savien\u012bbas ties\u012bbaizsardz\u012bbas a\u0123ent\u016bra (&#8220;Europol&#8221;) par sievietes slepkav\u012bbu Eiropas mekl\u0113t\u0101ko noziedznieku sarakst\u0101 iek\u013c\u0101va Leonu Rusi\u0146u. Eiropas Savien\u012bbas ties\u012bbaizsardz\u012bbas a\u0123ent\u016bra nor\u0101d\u012bjusi, ka Rusi\u0146\u0161 ir b\u012bstams. &#8220;Europol&#8221; m\u0101jaslap\u0101 nor\u0101d\u012bts, ka maksim\u0101lais iesp\u0113jamais sods Rusi\u0146am ir 20 gadi cietum\u0101.<\/p>\n<p>Slepkava Leons Rusi\u0146\u0161 p\u0113c m\u0113ne\u0161iem ilgas draud\u0113\u0161anas un vaj\u0101\u0161anas b\u0113rna un m\u0101tes acu priek\u0161\u0101 nogalin\u0101ja biju\u0161o sievu. Par draudiem regul\u0101ri tika zi\u0146ots policijai, bet sieviete pasarg\u0101ta netika.<\/p>\n<p>Jankevics tiek mekl\u0113ts aizdom\u0101s par 2022. gada \u012bpa\u0161i cietsird\u012bgu sievietes slepkav\u012bbu Sabil\u0113. Aizdom\u0101s tur\u0113tais ir bijis alkohola reibum\u0101 un noslepkavojis sievieti, vair\u0101kk\u0101rt\u0113jiem sitieniem, d\u016brieniem, k\u0101 ar\u012b \u017e\u0146aug\u0161anu un ar\u012b dedzin\u0101\u0161anu.<\/p>\n","protected":false},"excerpt":{"rendered":"2003. gad\u0101 dzimu\u0161ais Edmunds Burkevi\u010ds tiek mekl\u0113ts par noziegumiem, kas izdar\u012bti laika posm\u0101 no 2021. gada l\u012bdz 2023.&hellip;\n","protected":false},"author":2,"featured_media":60688,"comment_status":"","ping_status":"","sticky":false,"template":"","format":"standard","meta":{"footnotes":""},"categories":[5],"tags":[23,28,29,16005,32,33,22,30,31,35,39,38,36,37,34,40,12307,20,26,27,24,25,21],"class_list":{"0":"post-60687","1":"post","2":"type-post","3":"status-publish","4":"format-standard","5":"has-post-thumbnail","7":"category-aktualitates","8":"tag-aktualitates","9":"tag-breaking-news","10":"tag-breakingnews","11":"tag-edmunds-burkevics","12":"tag-featured-news","13":"tag-featurednews","14":"tag-headlines","15":"tag-latest-news","16":"tag-latestnews","17":"tag-latvia","18":"tag-latvian","19":"tag-latviesu","20":"tag-latviesu-valoda","21":"tag-latviesuvaloda","22":"tag-latvija","23":"tag-lv","24":"tag-meklesana","25":"tag-news","26":"tag-popularakas-zinas","27":"tag-popularakaszinas","28":"tag-top-stories","29":"tag-topstories","30":"tag-zinas"},"share_on_mastodon":{"url":"https:\/\/pubeurope.com\/@lv\/115627709337851671","error":""},"_links":{"self":[{"href":"https:\/\/www.europesays.com\/lv\/wp-json\/wp\/v2\/posts\/60687","targetHints":{"allow":["GET"]}}],"collection":[{"href":"https:\/\/www.europesays.com\/lv\/wp-json\/wp\/v2\/posts"}],"about":[{"href":"https:\/\/www.europesays.com\/lv\/wp-json\/wp\/v2\/types\/post"}],"author":[{"embeddable":true,"href":"https:\/\/www.europesays.com\/lv\/wp-json\/wp\/v2\/users\/2"}],"replies":[{"embeddable":true,"href":"https:\/\/www.europesays.com\/lv\/wp-json\/wp\/v2\/comments?post=60687"}],"version-history":[{"count":0,"href":"https:\/\/www.europesays.com\/lv\/wp-json\/wp\/v2\/posts\/60687\/revisions"}],"wp:featuredmedia":[{"embeddable":true,"href":"https:\/\/www.europesays.com\/lv\/wp-json\/wp\/v2\/media\/60688"}],"wp:attachment":[{"href":"https:\/\/www.europesays.com\/lv\/wp-json\/wp\/v2\/media?parent=60687"}],"wp:term":[{"taxonomy":"category","embeddable":true,"href":"https:\/\/www.europesays.com\/lv\/wp-json\/wp\/v2\/categories?post=60687"},{"taxonomy":"post_tag","embeddable":true,"href":"https:\/\/www.europesays.com\/lv\/wp-json\/wp\/v2\/tags?post=60687"}],"curies":[{"name":"wp","href":"https:\/\/api.w.org\/{rel}","templated":true}]}}