{"id":60691,"date":"2025-11-28T14:09:11","date_gmt":"2025-11-28T14:09:11","guid":{"rendered":"https:\/\/www.europesays.com\/lv\/60691\/"},"modified":"2025-11-28T14:09:11","modified_gmt":"2025-11-28T14:09:11","slug":"ugunsgreka-honkongas-augstceltnes-bojagajuso-skaits-pieaudzis-lidz-128-cilvekiem","status":"publish","type":"post","link":"https:\/\/www.europesays.com\/lv\/60691\/","title":{"rendered":"Ugunsgr\u0113k\u0101 Honkongas augstceltn\u0113s boj\u0101g\u0101ju\u0161o skaits pieaudzis l\u012bdz 128 cilv\u0113kiem"},"content":{"rendered":"<p>200 cilv\u0113ki joproj\u0101m skait\u0101s pazudu\u0161i, bet 89 l\u012b\u0137i nav identific\u0113ti.<\/p>\n<p><a href=\"https:\/\/www.apollo.lv\/term\/555502\/ugunsgreks\" class=\"topicLink\" target=\"_blank\" rel=\"nofollow noopener\">Ugunsgr\u0113ks<\/a>, kas s\u0101k\u0101s tre\u0161dien un ap\u0146\u0113ma septi\u0146as augstceltnes Taipo rajon\u0101, ir gandr\u012bz apdz\u0113sts.<\/p>\n<p>Ugunsgr\u0113k\u0101 ievainojumus guvu\u0161i vismaz 76 cilv\u0113ki, tai skait\u0101 11 ugunsdz\u0113s\u0113ji.<\/p>\n<p>Ugunsdz\u0113s\u0113ji piektdien turpin\u0101ja laist\u012bt \u0113ku ar \u016bdeni, lai to atv\u0113sin\u0101tu un nov\u0113rstu kr\u0101smatu aizdeg\u0161anos no jauna.<\/p>\n<p>\u0160is ugunsgr\u0113ks ir posto\u0161\u0101kais, k\u0101du <a href=\"https:\/\/www.apollo.lv\/term\/555868\/honkonga\" class=\"topicLink\" target=\"_blank\" rel=\"nofollow noopener\">Honkonga<\/a> pieredz\u0113jusi p\u0113d\u0113jos 80 gados. Liesmas ap\u0146\u0113ma septi\u0146as no asto\u0146\u0101m augstceltn\u0113m Taipo rajon\u0101, kas atrodas Honkongas zieme\u013cu da\u013c\u0101 Jaunaj\u0101s teritorij\u0101s net\u0101lu no robe\u017eas ar \u0136\u012bnas pamatteritorijas pils\u0113tu \u0160e\u0146d\u017ee\u0146u.<\/p>\n<p>Kompleks\u0101 ir pavisam 2000 dz\u012bvok\u013cu. Katrai \u0113kai ir 32 st\u0101vi.<\/p>\n<p>Mediji v\u0113st\u012bja, ka visas \u0113kas tika atjaunotas un t\u0101s aptv\u0113ra bambusa sastatnes.<\/p>\n<p>Ugunsgr\u0113ka c\u0113lonis v\u0113l nav noskaidrots. Varasiest\u0101des ir s\u0101ku\u0161as izmekl\u0113\u0161anu un pl\u0101no p\u0101rbaud\u012bt dro\u0161\u012bbas standartus bambusa sastatn\u0113m un za\u013cajiem plastmasas t\u012bkliem ap \u0161\u012bm \u0113k\u0101m.<\/p>\n<p>Honkongas korupcijas apkaro\u0161anas birojs pazi\u0146oja, ka s\u0101cis izmekl\u0113\u0161anu par remontdarbiem kompleks\u0101. Saist\u012bb\u0101 ar ugunsgr\u0113ku ir aiztur\u0113ti tr\u012bs v\u012brie\u0161i aizdom\u0101s par slepkav\u012bbu bez iepriek\u0161\u0113ja nodoma, zi\u0146oja Honkongas laikraksts &#8220;South China Morning Post&#8221;.<\/p>\n<p>Boj\u0101g\u0101ju\u0161o vid\u016b ir 37 gadus vecs ugunsdz\u0113s\u0113js un divi Indon\u0113zijas pilso\u0146i, kas str\u0101d\u0101ja k\u0101 m\u0101jkalpot\u0101ji.<\/p>\n<p>\u0160is ir liel\u0101kais ugunsgr\u0113ks Honkong\u0101 upuru skaita zi\u0146\u0101 kop\u0161 1948. gada, kad spr\u0101dzien\u0101 un tam sekojo\u0161\u0101 ugunsgr\u0113k\u0101 g\u0101ja boj\u0101 135 cilv\u0113ki.<\/p>\n","protected":false},"excerpt":{"rendered":"200 cilv\u0113ki joproj\u0101m skait\u0101s pazudu\u0161i, bet 89 l\u012b\u0137i nav identific\u0113ti. Ugunsgr\u0113ks, kas s\u0101k\u0101s tre\u0161dien un ap\u0146\u0113ma septi\u0146as augstceltnes&hellip;\n","protected":false},"author":2,"featured_media":59296,"comment_status":"","ping_status":"","sticky":false,"template":"","format":"standard","meta":{"footnotes":""},"categories":[14],"tags":[23,57,5983,28,29,32,33,22,8114,30,31,35,39,38,36,37,34,40,20,26,27,24,25,377,54,55,56,21,58],"class_list":{"0":"post-60691","1":"post","2":"type-post","3":"status-publish","4":"format-standard","5":"has-post-thumbnail","7":"category-zinas-no-arvalstim","8":"tag-aktualitates","9":"tag-arvalstim","10":"tag-bojagajusie","11":"tag-breaking-news","12":"tag-breakingnews","13":"tag-featured-news","14":"tag-featurednews","15":"tag-headlines","16":"tag-honkonga","17":"tag-latest-news","18":"tag-latestnews","19":"tag-latvia","20":"tag-latvian","21":"tag-latviesu","22":"tag-latviesu-valoda","23":"tag-latviesuvaloda","24":"tag-latvija","25":"tag-lv","26":"tag-news","27":"tag-popularakas-zinas","28":"tag-popularakaszinas","29":"tag-top-stories","30":"tag-topstories","31":"tag-ugunsgreks","32":"tag-world","33":"tag-world-news","34":"tag-worldnews","35":"tag-zinas","36":"tag-zinas-no-arvalstim"},"share_on_mastodon":{"url":"https:\/\/pubeurope.com\/@lv\/115627724835391047","error":""},"_links":{"self":[{"href":"https:\/\/www.europesays.com\/lv\/wp-json\/wp\/v2\/posts\/60691","targetHints":{"allow":["GET"]}}],"collection":[{"href":"https:\/\/www.europesays.com\/lv\/wp-json\/wp\/v2\/posts"}],"about":[{"href":"https:\/\/www.europesays.com\/lv\/wp-json\/wp\/v2\/types\/post"}],"author":[{"embeddable":true,"href":"https:\/\/www.europesays.com\/lv\/wp-json\/wp\/v2\/users\/2"}],"replies":[{"embeddable":true,"href":"https:\/\/www.europesays.com\/lv\/wp-json\/wp\/v2\/comments?post=60691"}],"version-history":[{"count":0,"href":"https:\/\/www.europesays.com\/lv\/wp-json\/wp\/v2\/posts\/60691\/revisions"}],"wp:featuredmedia":[{"embeddable":true,"href":"https:\/\/www.europesays.com\/lv\/wp-json\/wp\/v2\/media\/59296"}],"wp:attachment":[{"href":"https:\/\/www.europesays.com\/lv\/wp-json\/wp\/v2\/media?parent=60691"}],"wp:term":[{"taxonomy":"category","embeddable":true,"href":"https:\/\/www.europesays.com\/lv\/wp-json\/wp\/v2\/categories?post=60691"},{"taxonomy":"post_tag","embeddable":true,"href":"https:\/\/www.europesays.com\/lv\/wp-json\/wp\/v2\/tags?post=60691"}],"curies":[{"name":"wp","href":"https:\/\/api.w.org\/{rel}","templated":true}]}}