{"id":60694,"date":"2025-11-28T14:11:07","date_gmt":"2025-11-28T14:11:07","guid":{"rendered":"https:\/\/www.europesays.com\/lv\/60694\/"},"modified":"2025-11-28T14:11:07","modified_gmt":"2025-11-28T14:11:07","slug":"rastorgujevs-izlaidis-pasaules-kausa-sakumu-latvija-viriesu-stafete-nestartes-ziemas-sports-sportacentrs-com","status":"publish","type":"post","link":"https:\/\/www.europesays.com\/lv\/60694\/","title":{"rendered":"Rastorgujevs izlaid\u012bs Pasaules kausa s\u0101kumu, Latvija v\u012brie\u0161u stafet\u0113 nestart\u0113s \u2013 Ziemas sports \u2013 Sportacentrs.com"},"content":{"rendered":"<p>&#8220;Kop\u0101 ar treneriem un LOV \u0101rstiem pie\u0146\u0113m\u0101m l\u0113mumu, ka izlaid\u012b\u0161u PK 1. posma stafetes \u0161aj\u0101 ned\u0113\u013cas nogal\u0113. Pirms da\u017e\u0101m dien\u0101m treni\u0146\u0101 atsvaidzin\u0101ju senu savainojumu un \u0161obr\u012bd nevaru pal\u012bdz\u0113t komandai par visiem 100%. Pamaz\u0101m tiek palielin\u0101ta treni\u0146u intensit\u0101te un ejam uz to, lai jau n\u0101kamned\u0113\u013c uzs\u0101ktu sezonu,&#8221; v\u0113st\u012bts Andreja Rastorgujeva soci\u0101lajos t\u012bklos.<\/p>\n<p>PK sezonas ievads r\u012btdien paredz\u0113ts Zviedrij\u0101, kad b\u016bs v\u012brie\u0161u un sievie\u0161u stafetes, p\u0113c tam 30. novembr\u012b sv\u0113tdien sekos jaukt\u0101s stafetes, kam\u0113r pirm\u0101s individu\u0101l\u0101s sacens\u012bbas b\u016bs 2. decembr\u012b (15km klasika d\u0101m\u0101m). Rastorgujeva n\u0101kamais pl\u0101notais starts ir 3. decembr\u012b 20km klasik\u0101.<\/p>\n<p>Latvijas v\u012brie\u0161u izlases galvenais treneris K\u0101rlis Vanags port\u0101lam Sportacentrs.com apstiprin\u0101ja, ka l\u012bdz ar Rastorgujeva nestart\u0113\u0161anu Latvijas izlase v\u012brie\u0161u stafet\u0113 nevar\u0113s piedal\u012bties: &#8220;Mums nav ceturt\u0101 sportista \u0161eit. Vien\u012bgais variants b\u016btu jaunais Rihards Lozbers, bet vi\u0146am ir tikai 16 gadi, vi\u0146\u0161 viens pat nevar ce\u013cot ar ieroci bag\u0101\u017e\u0101. Turkl\u0101t jau bija iepriek\u0161 nolemts v\u0113l vi\u0146u debijai Pasaules kaus\u0101 pietaup\u012bt. T\u0101p\u0113c diem\u017e\u0113l, bet sezonas pirmo stafeti izlaid\u012bsim. Jauktaj\u0101s stafet\u0113s sv\u0113tdien gan, protams, piedal\u012bsies, sast\u0101vu v\u0113l nolemsim r\u012btdien.&#8221;<\/p>\n<p>Vanags nor\u0101d\u012bja, ka Rastorgujeva m\u0113r\u0137is \u0161osezon ir piln\u012bb\u0101 skaidrs &#8211; olimpisk\u0101s sp\u0113les &#8211; un ka Latvijas izlase gatava vi\u0146am pal\u012bdz\u0113t \u0161\u012b m\u0113r\u0137a sasnieg\u0161an\u0101, t\u0101p\u0113c nolemts lieki nerisk\u0113t br\u012bd\u012b, kad atsvaidzin\u0101ts iepriek\u0161\u0113jais savainojums.<\/p>\n<p>Sievie\u0161u izlasei savainojumu probl\u0113mu nav, un r\u012btdien plkst 14.15 paredz\u0113ts sezonas pirmais starts. Latvijas izlase start\u0113s \u0161\u0101d\u0101 sast\u0101v\u0101 un sec\u012bb\u0101: Estere Volfa pirmaj\u0101 posm\u0101, Baiba Bendika otraj\u0101, Elza Bleidele tre\u0161aj\u0101 un Sanita Buli\u0146a nosl\u0113dzo\u0161aj\u0101 stafetes posm\u0101.<\/p>\n","protected":false},"excerpt":{"rendered":"&#8220;Kop\u0101 ar treneriem un LOV \u0101rstiem pie\u0146\u0113m\u0101m l\u0113mumu, ka izlaid\u012b\u0161u PK 1. posma stafetes \u0161aj\u0101 ned\u0113\u013cas nogal\u0113. Pirms&hellip;\n","protected":false},"author":2,"featured_media":60695,"comment_status":"","ping_status":"","sticky":false,"template":"","format":"standard","meta":{"footnotes":""},"categories":[5],"tags":[23,28,29,32,33,22,30,31,35,39,38,36,37,34,40,20,26,27,24,25,620,21],"class_list":{"0":"post-60694","1":"post","2":"type-post","3":"status-publish","4":"format-standard","5":"has-post-thumbnail","7":"category-aktualitates","8":"tag-aktualitates","9":"tag-breaking-news","10":"tag-breakingnews","11":"tag-featured-news","12":"tag-featurednews","13":"tag-headlines","14":"tag-latest-news","15":"tag-latestnews","16":"tag-latvia","17":"tag-latvian","18":"tag-latviesu","19":"tag-latviesu-valoda","20":"tag-latviesuvaloda","21":"tag-latvija","22":"tag-lv","23":"tag-news","24":"tag-popularakas-zinas","25":"tag-popularakaszinas","26":"tag-top-stories","27":"tag-topstories","28":"tag-ziemas-sports","29":"tag-zinas"},"share_on_mastodon":{"url":"https:\/\/pubeurope.com\/@lv\/115627732799348559","error":""},"_links":{"self":[{"href":"https:\/\/www.europesays.com\/lv\/wp-json\/wp\/v2\/posts\/60694","targetHints":{"allow":["GET"]}}],"collection":[{"href":"https:\/\/www.europesays.com\/lv\/wp-json\/wp\/v2\/posts"}],"about":[{"href":"https:\/\/www.europesays.com\/lv\/wp-json\/wp\/v2\/types\/post"}],"author":[{"embeddable":true,"href":"https:\/\/www.europesays.com\/lv\/wp-json\/wp\/v2\/users\/2"}],"replies":[{"embeddable":true,"href":"https:\/\/www.europesays.com\/lv\/wp-json\/wp\/v2\/comments?post=60694"}],"version-history":[{"count":0,"href":"https:\/\/www.europesays.com\/lv\/wp-json\/wp\/v2\/posts\/60694\/revisions"}],"wp:featuredmedia":[{"embeddable":true,"href":"https:\/\/www.europesays.com\/lv\/wp-json\/wp\/v2\/media\/60695"}],"wp:attachment":[{"href":"https:\/\/www.europesays.com\/lv\/wp-json\/wp\/v2\/media?parent=60694"}],"wp:term":[{"taxonomy":"category","embeddable":true,"href":"https:\/\/www.europesays.com\/lv\/wp-json\/wp\/v2\/categories?post=60694"},{"taxonomy":"post_tag","embeddable":true,"href":"https:\/\/www.europesays.com\/lv\/wp-json\/wp\/v2\/tags?post=60694"}],"curies":[{"name":"wp","href":"https:\/\/api.w.org\/{rel}","templated":true}]}}