{"id":60776,"date":"2025-11-28T15:27:08","date_gmt":"2025-11-28T15:27:08","guid":{"rendered":"https:\/\/www.europesays.com\/lv\/60776\/"},"modified":"2025-11-28T15:27:08","modified_gmt":"2025-11-28T15:27:08","slug":"belgijas-premjers-noteicis-galigas-prasibas-krievijas-aktivu-izmantosanai-ukrainas-laba","status":"publish","type":"post","link":"https:\/\/www.europesays.com\/lv\/60776\/","title":{"rendered":"Be\u013c\u0123ijas premjers noteicis gal\u012bg\u0101s pras\u012bbas Krievijas akt\u012bvu izmanto\u0161anai Ukrainas lab\u0101"},"content":{"rendered":"<p>V\u0113vers v\u0113stul\u0113 Eiropas Komisijas (EK) prezidentei Urzulai fon der Leienai nor\u0101da, ka cit\u0101m Eiropas Savien\u012bbai (ES) valst\u012bm b\u016btu j\u0101sniedz juridiski saisto\u0161as un beznosac\u012bjumu garantijas, kas segtu visu Ukrainai pie\u0161\u0137irt\u0101 aizdevuma summu, pirms vi\u0146\u0161 b\u016btu gatavs atbalst\u012bt \u0161\u0101du soli.<\/p>\n<p>Leiena kop\u0101 ar V\u0101cijas kancleru Fr\u012bdrihu Mercu cen\u0161as pan\u0101kt, lai Ukrainai b\u016btu pieejami ES iesald\u0113tie Krievijas centr\u0101l\u0101s bankas akt\u012bvi l\u012bdz pat 140 miljardu eiro apm\u0113r\u0101, ar kuriem tiktu segtas Ukrainas finan\u0161u vajadz\u012bbas turpm\u0101kajos gados.<\/p>\n<p><a href=\"https:\/\/www.apollo.lv\/term\/555687\/belgija\" class=\"topicLink\" target=\"_blank\" rel=\"nofollow noopener\">Be\u013c\u0123ija<\/a> l\u012bdz \u0161im \u0161o iniciat\u012bvu ir blo\u0137\u0113jusi.<\/p>\n<p>Saska\u0146\u0101 ar EK sniegto inform\u0101ciju ES ir iesald\u0113ti Krievijas Centr\u0101l\u0101s bankas akt\u012bvi aptuveni 210 miljardu eiro apm\u0113r\u0101. Liel\u0101k\u0101 da\u013ca iesald\u0113ta Brisel\u0113 b\u0101z\u0113taj\u0101 finan\u0161u iest\u0101d\u0113 &#8220;Euroclear&#8221;.<\/p>\n<p>Leienai nos\u016bt\u012btaj\u0101 v\u0113stul\u0113 V\u0113vers atk\u0101rtoti pau\u017e ar\u012b vair\u0101kas juridiskas un finansi\u0101las ba\u017eas, k\u0101 ar\u012b nor\u0101da uz riskiem eiro stabilit\u0101tei un izmaks\u0101m, kas rastos gad\u012bjum\u0101, ja Krievija \u0161aj\u0101 jaut\u0101jum\u0101 v\u0113rstos ties\u0101 un uzvar\u0113tu.<\/p>\n<p>T\u0101 viet\u0101, lai izmantotu Krievijas akt\u012bvus, Be\u013c\u0123ijas premjerministrs mudina ES piesaist\u012bt naudu kapit\u0101la tirgos, lai segtu Ukrainas finan\u0161u vajadz\u012bbas 2026. gad\u0101 45 miljardu eiro apm\u0113r\u0101.<\/p>\n<p>V\u0113vers uzskata, ka tas b\u016btu maz\u0101k riskanti, k\u0101 ar\u012b l\u0113t\u0101k.<\/p>\n<p>Vi\u0146\u0161 ar\u012b br\u012bdina, ka sasteigts l\u0113mums par iesald\u0113to Krievijas akt\u012bvu izmanto\u0161anu var\u0113tu apdraud\u0113t ASV vad\u012btos centienus izbeigt Krievijas uzs\u0101kto karu pret Ukrainu.<\/p>\n","protected":false},"excerpt":{"rendered":"V\u0113vers v\u0113stul\u0113 Eiropas Komisijas (EK) prezidentei Urzulai fon der Leienai nor\u0101da, ka cit\u0101m Eiropas Savien\u012bbai (ES) valst\u012bm b\u016btu&hellip;\n","protected":false},"author":2,"featured_media":60777,"comment_status":"","ping_status":"","sticky":false,"template":"","format":"standard","meta":{"footnotes":""},"categories":[14],"tags":[23,57,2532,28,29,32,33,22,4011,30,31,35,39,38,36,37,34,40,20,26,27,24,25,276,54,55,56,21,58],"class_list":{"0":"post-60776","1":"post","2":"type-post","3":"status-publish","4":"format-standard","5":"has-post-thumbnail","7":"category-zinas-no-arvalstim","8":"tag-aktualitates","9":"tag-arvalstim","10":"tag-belgija","11":"tag-breaking-news","12":"tag-breakingnews","13":"tag-featured-news","14":"tag-featurednews","15":"tag-headlines","16":"tag-krievijas-aktivi","17":"tag-latest-news","18":"tag-latestnews","19":"tag-latvia","20":"tag-latvian","21":"tag-latviesu","22":"tag-latviesu-valoda","23":"tag-latviesuvaloda","24":"tag-latvija","25":"tag-lv","26":"tag-news","27":"tag-popularakas-zinas","28":"tag-popularakaszinas","29":"tag-top-stories","30":"tag-topstories","31":"tag-ukraina","32":"tag-world","33":"tag-world-news","34":"tag-worldnews","35":"tag-zinas","36":"tag-zinas-no-arvalstim"},"share_on_mastodon":{"url":"https:\/\/pubeurope.com\/@lv\/115628031627365606","error":""},"_links":{"self":[{"href":"https:\/\/www.europesays.com\/lv\/wp-json\/wp\/v2\/posts\/60776","targetHints":{"allow":["GET"]}}],"collection":[{"href":"https:\/\/www.europesays.com\/lv\/wp-json\/wp\/v2\/posts"}],"about":[{"href":"https:\/\/www.europesays.com\/lv\/wp-json\/wp\/v2\/types\/post"}],"author":[{"embeddable":true,"href":"https:\/\/www.europesays.com\/lv\/wp-json\/wp\/v2\/users\/2"}],"replies":[{"embeddable":true,"href":"https:\/\/www.europesays.com\/lv\/wp-json\/wp\/v2\/comments?post=60776"}],"version-history":[{"count":0,"href":"https:\/\/www.europesays.com\/lv\/wp-json\/wp\/v2\/posts\/60776\/revisions"}],"wp:featuredmedia":[{"embeddable":true,"href":"https:\/\/www.europesays.com\/lv\/wp-json\/wp\/v2\/media\/60777"}],"wp:attachment":[{"href":"https:\/\/www.europesays.com\/lv\/wp-json\/wp\/v2\/media?parent=60776"}],"wp:term":[{"taxonomy":"category","embeddable":true,"href":"https:\/\/www.europesays.com\/lv\/wp-json\/wp\/v2\/categories?post=60776"},{"taxonomy":"post_tag","embeddable":true,"href":"https:\/\/www.europesays.com\/lv\/wp-json\/wp\/v2\/tags?post=60776"}],"curies":[{"name":"wp","href":"https:\/\/api.w.org\/{rel}","templated":true}]}}