{"id":60778,"date":"2025-11-28T15:28:08","date_gmt":"2025-11-28T15:28:08","guid":{"rendered":"https:\/\/www.europesays.com\/lv\/60778\/"},"modified":"2025-11-28T15:28:08","modified_gmt":"2025-11-28T15:28:08","slug":"ekonomisti-prognoze-straujaku-latvijas-ikp-pieaugumu-neka-lests-ieprieks","status":"publish","type":"post","link":"https:\/\/www.europesays.com\/lv\/60778\/","title":{"rendered":"Ekonomisti prognoz\u0113 strauj\u0101ku Latvijas IKP pieaugumu, nek\u0101 l\u0113sts iepriek\u0161"},"content":{"rendered":"<p>Zorgenfreija uzsver, ka IKP dati priec\u0113, jo gada pirmajos tr\u012bs ceturk\u0161\u0146os tautsaimniec\u012bbas apjoms palielin\u0101jies par 1,7%. Tas noz\u012bm\u0113, ka, visticam\u0101k, IKP \u0161ogad kopum\u0101 augs strauj\u0101k nek\u0101 iepriek\u0161 prognoz\u0113tie 1,3%. Vi\u0146a nor\u0101da, ka dz\u012bve rit sare\u017e\u0123\u012btos un nenoteikt\u012bbas pilnos laikos, ta\u010du pozit\u012bvi ir tas, ka uz\u0146\u0113mumi un iedz\u012bvot\u0101ji pak\u0101peniski k\u013c\u016bst optimistisk\u0101ki. Tas \u013cauj cer\u0113t, ka v\u0113rojam\u0101 ekonomikas atkop\u0161an\u0101s turpin\u0101sies ar\u012b n\u0101kamajos ceturk\u0161\u0146os.<\/p>\n<p>&#8220;SEB bankas&#8221; galvenais ekonomists Dainis Ga\u0161puitis a\u0123ent\u016brai LETA nor\u0101d\u012bja, ka jaun\u0101kie tre\u0161\u0101 ceturk\u0161\u0146a dati apstiprin\u0101ja jau pieejam\u0101s nor\u0101des par to, ka ekonomikas izaugsme pamaz\u0101m nostiprin\u0101s.<\/p>\n<p>Ekonomikas galvenais dzin\u0113jsp\u0113ks, p\u0113c vi\u0146a teikt\u0101, ir invest\u012bciju cikla aktiviz\u0113\u0161an\u0101s. Tre\u0161aj\u0101 ceturksn\u012b invest\u012bcijas pieaugu\u0161as par 10,8%, kas atspogu\u013cojas b\u016bvniec\u012bbas k\u0101pum\u0101 (+9%). Atbalstu sniedz ar\u012b eksporta izaugsme (+3%), un b\u016btiski, ka audzis gan pakalpojumu (+3,2%), gan pre\u010du eksports (+2,8%). \u0100r\u0113jo iesp\u0113ju uzlabo\u0161an\u0101s devusi iesp\u0113ju noz\u012bm\u012bgam apstr\u0101des r\u016bpniec\u012bbas un inform\u0101cijas un komunik\u0101cijas tehnolo\u0123iju nozares pieaugumam. B\u016btiski, p\u0113c Ga\u0161puita dom\u0101m ir tas, ka gada otraj\u0101 pus\u0113 akt\u012bv\u0101ks k\u013c\u016bst priv\u0101tais pat\u0113ri\u0146\u0161 (+1,8%). Pateicoties augo\u0161ai pirktsp\u0113jai un stabil\u0101kai p\u0101rliec\u012bbai, tuv\u0101ko divu gadu laik\u0101 tas k\u013c\u016b\u0161ot par noz\u012bm\u012bg\u0101ku faktoru izaugsm\u0113. Papildu stimuls ekonomikai n\u0101cis ar\u012b no vald\u012bbas t\u0113ri\u0146u puses (+5,8%).<\/p>\n","protected":false},"excerpt":{"rendered":"Zorgenfreija uzsver, ka IKP dati priec\u0113, jo gada pirmajos tr\u012bs ceturk\u0161\u0146os tautsaimniec\u012bbas apjoms palielin\u0101jies par 1,7%. Tas noz\u012bm\u0113,&hellip;\n","protected":false},"author":2,"featured_media":60779,"comment_status":"","ping_status":"","sticky":false,"template":"","format":"standard","meta":{"footnotes":""},"categories":[12],"tags":[23,28,29,47,32,33,22,9497,30,31,35,39,38,36,37,34,40,20,26,27,2410,24,25,21],"class_list":{"0":"post-60778","1":"post","2":"type-post","3":"status-publish","4":"format-standard","5":"has-post-thumbnail","7":"category-latvija","8":"tag-aktualitates","9":"tag-breaking-news","10":"tag-breakingnews","11":"tag-ekonomika","12":"tag-featured-news","13":"tag-featurednews","14":"tag-headlines","15":"tag-ikp","16":"tag-latest-news","17":"tag-latestnews","18":"tag-latvia","19":"tag-latvian","20":"tag-latviesu","21":"tag-latviesu-valoda","22":"tag-latviesuvaloda","23":"tag-latvija","24":"tag-lv","25":"tag-news","26":"tag-popularakas-zinas","27":"tag-popularakaszinas","28":"tag-prognoze","29":"tag-top-stories","30":"tag-topstories","31":"tag-zinas"},"share_on_mastodon":{"url":"https:\/\/pubeurope.com\/@lv\/115628035565526962","error":""},"_links":{"self":[{"href":"https:\/\/www.europesays.com\/lv\/wp-json\/wp\/v2\/posts\/60778","targetHints":{"allow":["GET"]}}],"collection":[{"href":"https:\/\/www.europesays.com\/lv\/wp-json\/wp\/v2\/posts"}],"about":[{"href":"https:\/\/www.europesays.com\/lv\/wp-json\/wp\/v2\/types\/post"}],"author":[{"embeddable":true,"href":"https:\/\/www.europesays.com\/lv\/wp-json\/wp\/v2\/users\/2"}],"replies":[{"embeddable":true,"href":"https:\/\/www.europesays.com\/lv\/wp-json\/wp\/v2\/comments?post=60778"}],"version-history":[{"count":0,"href":"https:\/\/www.europesays.com\/lv\/wp-json\/wp\/v2\/posts\/60778\/revisions"}],"wp:featuredmedia":[{"embeddable":true,"href":"https:\/\/www.europesays.com\/lv\/wp-json\/wp\/v2\/media\/60779"}],"wp:attachment":[{"href":"https:\/\/www.europesays.com\/lv\/wp-json\/wp\/v2\/media?parent=60778"}],"wp:term":[{"taxonomy":"category","embeddable":true,"href":"https:\/\/www.europesays.com\/lv\/wp-json\/wp\/v2\/categories?post=60778"},{"taxonomy":"post_tag","embeddable":true,"href":"https:\/\/www.europesays.com\/lv\/wp-json\/wp\/v2\/tags?post=60778"}],"curies":[{"name":"wp","href":"https:\/\/api.w.org\/{rel}","templated":true}]}}