{"id":60791,"date":"2025-11-28T15:46:15","date_gmt":"2025-11-28T15:46:15","guid":{"rendered":"https:\/\/www.europesays.com\/lv\/60791\/"},"modified":"2025-11-28T15:46:15","modified_gmt":"2025-11-28T15:46:15","slug":"lusis-komente-%e2%9f%a9-pienacis-laiks-likvidet-slesera-sliedes-tvnet","status":"publish","type":"post","link":"https:\/\/www.europesays.com\/lv\/60791\/","title":{"rendered":"L\u016aSIS KOMENT\u0112 \u27e9 Pien\u0101cis laiks likvid\u0113t \u0160lesera sliedes &#8211; TVNET"},"content":{"rendered":"<ol>\n<li><a href=\"https:\/\/news.google.com\/rss\/articles\/CBMiigFBVV95cUxOZmRVLU05VkVhaWE4cnFxeTBCWHJ5WFpmUWZfUEVwVFNhQVpjUDJDQTNUQU1HNkVtd05kY1BBWmtBSTNBVjBxeXVEZ0hXWVBObnlhVVRSb2p5YmJmZ1JTSUFlNFBTbTN0dnV5bE5tWmdBQW9NVUtuSHBvTTJsc0hsUEFyOXZ6Z1dUbnc?oc=5\" target=\"_blank\" rel=\"nofollow noopener\">L\u016aSIS KOMENT\u0112 \u27e9 Pien\u0101cis laiks likvid\u0113t \u0160lesera sliedes<\/a>&nbsp;&nbsp;TVNET<\/li>\n<li><a href=\"https:\/\/news.google.com\/rss\/articles\/CBMi7gFBVV95cUxOZXgyOWZvMlZSQ1Z6X3lWeV9mbWNZem1SWktFVXJqZFc1VzgzLU9sYnoxNXhIX21ZV255b0I2REJWeWlrU1Z0cHlOMmdlWTMtLUZRTk5YcW45cUd5cTlsOFl1QkRTSTF1Z2FlQlVMY2ROZTRvemd6QldGa1lWYlJ0Y0NaX2NlZ2JYU2ZveTI4UHFmTnFjVGw4dUVXdmc0SC04amFKT0hzNTE1T3RyMjhYMlA4ZDQwYVdqOXlCUlA2TWt4d1dnb2hXNnlJNUdRZkJFanVxeU51MnBNX1VqTzFfS0t2Rm5ma1lYd1R4ZDVn?oc=5\" target=\"_blank\" rel=\"nofollow noopener\">Rink\u0113vi\u010ds: Liel\u0101ka skaidr\u012bba par slie\u017eu no\u0146em\u0161anu Krievijas pierobe\u017e\u0101 sagaid\u0101ma n\u0101kam\u0101 gada s\u0101kum\u0101<\/a>&nbsp;&nbsp;LSM<\/li>\n<li><a href=\"https:\/\/news.google.com\/rss\/articles\/CBMiqgFBVV95cUxQUG9mdXNscGhQbVdMZzZiM0tpZ29lNm5lYi1ORVViRG1jcGJxRDdfanRQazZwTmFlSm53Z013SnFIa1FxMC1ZUWppWUtQaVdEZkhtbGpMZ1RaY0ZOVFVXajEzVlJzOGdPM3R0RWJ4UmY0cEszZjZ3QzQ0Z2hiOWJLZjloM1dFTGdEOGNHTzI5a2t5UHFuYWFFYTRnUnlOcURTQ3RkWXp0QnNzUQ?oc=5\" target=\"_blank\" rel=\"nofollow noopener\">\u201cB\u016bs sadursme ar oligarhu interes\u0113m\u2026\u201d Saeimas deput\u0101ts koment\u0113 ideju par slie\u017eu demont\u0113\u0161anu<\/a>&nbsp;&nbsp;LA.LV<\/li>\n<li><a href=\"https:\/\/news.google.com\/rss\/articles\/CBMitgFBVV95cUxQNGdPTUczcW5GbDltN3dxU0t1SFhMV0htYXFWY3BYQnhiRFVKMjNIWUtFSUpjWTlqdHNmeklyYV9hSHJ1UGgtTlNBcDJ4VlFTSk1OWWw3TmZhMzlORnlTUUVaVzBWNExZdFFqOS1QQVJqUDhwaWhoWEc5VjVadmptQnc0Z09mQ0RmNGN6VGFtTXo5SzYyRnNKUXJnZVpCNWJJWjV4VFExREdWRlFwdTV0OHdjbFN3dw?oc=5\" target=\"_blank\" rel=\"nofollow noopener\">Rajevs \u0161aub\u0101s, vai tie\u0161i tagad nepiecie\u0161ams demont\u0113t sliedes austrumu pierobe\u017e\u0101<\/a>&nbsp;&nbsp;Jauns.lv<\/li>\n<li><a href=\"https:\/\/news.google.com\/rss\/articles\/CBMihAFBVV95cUxNY01JVVVIWmZyR1VMWDJ2cTdNcFVaU0VRSUF5SE94NUVZbVVfbVYyWmZCblVfX2IzaTU3UEdKSUNUc093MFVTXzFBdWdCM1ota1VUcGgtVTFCeVNzdHVSbWlPNTRXTGJULUJhWWIzbWlSR0hpejhBNzkxaHBGQXdlQVI1LW8?oc=5\" target=\"_blank\" rel=\"nofollow noopener\">Slie\u017eu jauk\u0161ana vai nejauk\u0161ana pierobe\u017e\u0101: Stendzenieks public\u0113 &#8220;sul\u012bgu&#8221; viedokli<\/a>&nbsp;&nbsp;NRA<\/li>\n<\/ol>\n","protected":false},"excerpt":{"rendered":"L\u016aSIS KOMENT\u0112 \u27e9 Pien\u0101cis laiks likvid\u0113t \u0160lesera sliedes&nbsp;&nbsp;TVNET Rink\u0113vi\u010ds: Liel\u0101ka skaidr\u012bba par slie\u017eu no\u0146em\u0161anu Krievijas pierobe\u017e\u0101 sagaid\u0101ma n\u0101kam\u0101&hellip;\n","protected":false},"author":2,"featured_media":60792,"comment_status":"","ping_status":"","sticky":false,"template":"","format":"standard","meta":{"footnotes":""},"categories":[12],"tags":[1255,23,28,29,1809,32,33,22,234,30,31,35,39,38,36,37,34,6654,239,40,20,26,27,238,24,25,240,276,21],"class_list":{"0":"post-60791","1":"post","2":"type-post","3":"status-publish","4":"format-standard","5":"has-post-thumbnail","7":"category-latvija","8":"tag-ainars-slesers","9":"tag-aktualitates","10":"tag-breaking-news","11":"tag-breakingnews","12":"tag-dzelzcels","13":"tag-featured-news","14":"tag-featurednews","15":"tag-headlines","16":"tag-krievija","17":"tag-latest-news","18":"tag-latestnews","19":"tag-latvia","20":"tag-latvian","21":"tag-latviesu","22":"tag-latviesu-valoda","23":"tag-latviesuvaloda","24":"tag-latvija","25":"tag-latvija-pirmaja-vieta","26":"tag-lusis-komente","27":"tag-lv","28":"tag-news","29":"tag-popularakas-zinas","30":"tag-popularakaszinas","31":"tag-toms-lusis","32":"tag-top-stories","33":"tag-topstories","34":"tag-tvnet-viedokli","35":"tag-ukraina","36":"tag-zinas"},"share_on_mastodon":{"url":"https:\/\/pubeurope.com\/@lv\/115628106259463488","error":""},"_links":{"self":[{"href":"https:\/\/www.europesays.com\/lv\/wp-json\/wp\/v2\/posts\/60791","targetHints":{"allow":["GET"]}}],"collection":[{"href":"https:\/\/www.europesays.com\/lv\/wp-json\/wp\/v2\/posts"}],"about":[{"href":"https:\/\/www.europesays.com\/lv\/wp-json\/wp\/v2\/types\/post"}],"author":[{"embeddable":true,"href":"https:\/\/www.europesays.com\/lv\/wp-json\/wp\/v2\/users\/2"}],"replies":[{"embeddable":true,"href":"https:\/\/www.europesays.com\/lv\/wp-json\/wp\/v2\/comments?post=60791"}],"version-history":[{"count":0,"href":"https:\/\/www.europesays.com\/lv\/wp-json\/wp\/v2\/posts\/60791\/revisions"}],"wp:featuredmedia":[{"embeddable":true,"href":"https:\/\/www.europesays.com\/lv\/wp-json\/wp\/v2\/media\/60792"}],"wp:attachment":[{"href":"https:\/\/www.europesays.com\/lv\/wp-json\/wp\/v2\/media?parent=60791"}],"wp:term":[{"taxonomy":"category","embeddable":true,"href":"https:\/\/www.europesays.com\/lv\/wp-json\/wp\/v2\/categories?post=60791"},{"taxonomy":"post_tag","embeddable":true,"href":"https:\/\/www.europesays.com\/lv\/wp-json\/wp\/v2\/tags?post=60791"}],"curies":[{"name":"wp","href":"https:\/\/api.w.org\/{rel}","templated":true}]}}