{"id":60795,"date":"2025-11-28T15:59:08","date_gmt":"2025-11-28T15:59:08","guid":{"rendered":"https:\/\/www.europesays.com\/lv\/60795\/"},"modified":"2025-11-28T15:59:08","modified_gmt":"2025-11-28T15:59:08","slug":"jermaks-iesniedz-atlugumu-un-atkapjas-no-zelenska-kancelejas-vaditaja-amata","status":"publish","type":"post","link":"https:\/\/www.europesays.com\/lv\/60795\/","title":{"rendered":"Jermaks iesniedz atl\u016bgumu un atk\u0101pjas no Zelenska kancelejas vad\u012bt\u0101ja amata"},"content":{"rendered":"<p class=\"lead mb-md-2 mb-1 js-tv3-orphus\">Ukrainas prezidenta kancelejas vad\u012bt\u0101js Andrijs Jermaks iesniedzis atl\u016bgumu un pamet\u012bs savu amatu, v\u0113sta medijs \u201cUkrainska Pravda\u201d.\n<\/p>\n<p>Jau v\u0113st\u012bts, ka piektdienas, 28. novembra, r\u012bt\u0101 Ukrainas prokurat\u016bra <a href=\"https:\/\/tv3.lv\/zinas\/arvalstis\/korupcijas-skandala-ierauts-zelenska-biroja-vaditajs-jermaks\/\" rel=\"nofollow noopener\" target=\"_blank\">veikusi krat\u012b\u0161anu Jermaka biroj\u0101<\/a>.<\/p>\n<p>Zelenskis piektdienas pievakar\u0113 n\u0101cis klaj\u0101 ar pazi\u0146ojumu, ka vi\u0146\u0161 iesniedzis atl\u016bgumu.<\/p>\n<p>\u201cEsmu pateic\u012bgs Andrijam par to, ka Ukrainas nost\u0101ja sarunu ce\u013c\u0101 vienm\u0113r ir tikusi pasniegta t\u0101da, k\u0101dai tai j\u0101b\u016bt. T\u0101 vienm\u0113r ir bijusi patriotiska nost\u0101ja. Ta\u010du v\u0113los, lai neb\u016btu baumu un spekul\u0101ciju. Run\u0101jot par jauno biroja vad\u012bt\u0101ju, r\u012bt es r\u012bko\u0161u konsult\u0101cijas ar tiem, kas var vad\u012bt \u0161o iest\u0101di,\u201d cit\u0113ts Zelenskis.<\/p>\n<p class=\"tv3-fw-500\">Zi\u0146o par k\u013c\u016bdu rakst\u0101<\/p>\n<p class=\"d-md-block d-none\">Iez\u012bm\u0113 k\u013c\u016bdaino tekstu un spied Ctrl+Enter.<\/p>\n<p class=\"d-md-none d-block\">Iez\u012bm\u0113 k\u013c\u016bdaino tekstu un zi\u0146o par to!<\/p>\n","protected":false},"excerpt":{"rendered":"Ukrainas prezidenta kancelejas vad\u012bt\u0101js Andrijs Jermaks iesniedzis atl\u016bgumu un pamet\u012bs savu amatu, v\u0113sta medijs \u201cUkrainska Pravda\u201d. Jau v\u0113st\u012bts,&hellip;\n","protected":false},"author":2,"featured_media":60796,"comment_status":"","ping_status":"","sticky":false,"template":"","format":"standard","meta":{"footnotes":""},"categories":[5],"tags":[23,28,29,32,33,22,3354,30,31,35,39,38,36,37,34,40,20,26,27,24,25,21],"class_list":{"0":"post-60795","1":"post","2":"type-post","3":"status-publish","4":"format-standard","5":"has-post-thumbnail","7":"category-aktualitates","8":"tag-aktualitates","9":"tag-breaking-news","10":"tag-breakingnews","11":"tag-featured-news","12":"tag-featurednews","13":"tag-headlines","14":"tag-kars-ukraina","15":"tag-latest-news","16":"tag-latestnews","17":"tag-latvia","18":"tag-latvian","19":"tag-latviesu","20":"tag-latviesu-valoda","21":"tag-latviesuvaloda","22":"tag-latvija","23":"tag-lv","24":"tag-news","25":"tag-popularakas-zinas","26":"tag-popularakaszinas","27":"tag-top-stories","28":"tag-topstories","29":"tag-zinas"},"share_on_mastodon":{"url":"https:\/\/pubeurope.com\/@lv\/115628157381125913","error":""},"_links":{"self":[{"href":"https:\/\/www.europesays.com\/lv\/wp-json\/wp\/v2\/posts\/60795","targetHints":{"allow":["GET"]}}],"collection":[{"href":"https:\/\/www.europesays.com\/lv\/wp-json\/wp\/v2\/posts"}],"about":[{"href":"https:\/\/www.europesays.com\/lv\/wp-json\/wp\/v2\/types\/post"}],"author":[{"embeddable":true,"href":"https:\/\/www.europesays.com\/lv\/wp-json\/wp\/v2\/users\/2"}],"replies":[{"embeddable":true,"href":"https:\/\/www.europesays.com\/lv\/wp-json\/wp\/v2\/comments?post=60795"}],"version-history":[{"count":0,"href":"https:\/\/www.europesays.com\/lv\/wp-json\/wp\/v2\/posts\/60795\/revisions"}],"wp:featuredmedia":[{"embeddable":true,"href":"https:\/\/www.europesays.com\/lv\/wp-json\/wp\/v2\/media\/60796"}],"wp:attachment":[{"href":"https:\/\/www.europesays.com\/lv\/wp-json\/wp\/v2\/media?parent=60795"}],"wp:term":[{"taxonomy":"category","embeddable":true,"href":"https:\/\/www.europesays.com\/lv\/wp-json\/wp\/v2\/categories?post=60795"},{"taxonomy":"post_tag","embeddable":true,"href":"https:\/\/www.europesays.com\/lv\/wp-json\/wp\/v2\/tags?post=60795"}],"curies":[{"name":"wp","href":"https:\/\/api.w.org\/{rel}","templated":true}]}}