{"id":60817,"date":"2025-11-28T16:31:11","date_gmt":"2025-11-28T16:31:11","guid":{"rendered":"https:\/\/www.europesays.com\/lv\/60817\/"},"modified":"2025-11-28T16:31:11","modified_gmt":"2025-11-28T16:31:11","slug":"germane-nedelas-nogale-izlaidis-pasaules-kausa-posmu-slaloma-asv-ziemas-sports-sportacentrs-com","status":"publish","type":"post","link":"https:\/\/www.europesays.com\/lv\/60817\/","title":{"rendered":"\u0122\u0113rmane ned\u0113\u013cas nogal\u0113 izlaid\u012bs Pasaules kausa posmu slalom\u0101 ASV \u2013 Ziemas sports \u2013 Sportacentrs.com"},"content":{"rendered":"<p>\u0160ovakar Kopermautin\u0101 (ASV) ar v\u012brie\u0161u supergigantu, kur <a href=\"https:\/\/sportacentrs.com\/ziemas_sports\/sleposana\/26112025-olimpiskais_un_pasaules_vicecempions_kaln\" target=\"_self\" rel=\"nofollow noopener\">sacens\u012bbu aprit\u0113 atgriez\u012bsies olimpiskais un pasaules vice\u010dempions Aleksandrs Omuts Kilde<\/a> no Norv\u0113\u0123ijas, turpin\u0101sies Pasaules kausa sezona kalnu sl\u0113po\u0161an\u0101. Piektdien v\u012brie\u0161iem ir paredz\u0113ts milzu slaloms, bet sestdien un sv\u0113tdien start\u0113s sievietes, sestdien sacen\u0161oties milzu slalom\u0101, bet sv\u0113tdien slalom\u0101. Tas b\u016bs tre\u0161ais \u0161\u012bs sezonas slaloms d\u0101m\u0101m, bet pirmais bez Latvijas p\u0101rst\u0101vniec\u012bbas.<\/p>\n<p>Levi (Somij\u0101) un Gurgl\u0101 (Austrija) \u0161aj\u0101 m\u0113nes\u012b start\u0113ju\u0161\u0101s D\u017eenifera \u0122\u0113rmane un Liene Bondare uz ASV nebrauks, jo gatavosies n\u0101kamajiem PK posmiem Eirop\u0101. N\u0101kamais slaloms PK ietvaros sieviet\u0113m ir 16. decembr\u012b Kur\u0161avel\u0101 (Francija) un 28.decembr\u012b Zemmering\u0101 (Austrija).<\/p>\n<p>Sacens\u012bbu aprit\u0113 p\u0113c traumas sadzied\u0113\u0161anas atgriezusies \u0122\u0113rmane sekm\u012bgi ies\u0101kusi jauno sezonu. <a href=\"https:\/\/sportacentrs.com\/ziemas_sports\/15112025-germane_ar_lielisku_2_braucienu_pakapjas_\" target=\"_self\" rel=\"nofollow noopener\">Visprims vi\u0146a novembra vid\u016b Levi ieguva 21. vietu<\/a>, bet pag\u0101ju\u0161aj\u0101 ned\u0113\u013cas nogal\u0113 Gurgl\u0101 bija septi\u0146as poz\u012bcijas augst\u0101k,<a href=\"https:\/\/sportacentrs.com\/ziemas_sports\/sleposana\/23112025-germane_pasaules_kausa_slaloma_gurgla_pie\" target=\"_self\" rel=\"nofollow noopener\"> izc\u012bnot 14. vietu. <\/a><\/p>\n","protected":false},"excerpt":{"rendered":"\u0160ovakar Kopermautin\u0101 (ASV) ar v\u012brie\u0161u supergigantu, kur sacens\u012bbu aprit\u0113 atgriez\u012bsies olimpiskais un pasaules vice\u010dempions Aleksandrs Omuts Kilde no&hellip;\n","protected":false},"author":2,"featured_media":60818,"comment_status":"","ping_status":"","sticky":false,"template":"","format":"standard","meta":{"footnotes":""},"categories":[17],"tags":[35,39,38,36,37,34,40,67,620],"class_list":{"0":"post-60817","1":"post","2":"type-post","3":"status-publish","4":"format-standard","5":"has-post-thumbnail","7":"category-sports","8":"tag-latvia","9":"tag-latvian","10":"tag-latviesu","11":"tag-latviesu-valoda","12":"tag-latviesuvaloda","13":"tag-latvija","14":"tag-lv","15":"tag-sports","16":"tag-ziemas-sports"},"share_on_mastodon":{"url":"https:\/\/pubeurope.com\/@lv\/115628283169775391","error":""},"_links":{"self":[{"href":"https:\/\/www.europesays.com\/lv\/wp-json\/wp\/v2\/posts\/60817","targetHints":{"allow":["GET"]}}],"collection":[{"href":"https:\/\/www.europesays.com\/lv\/wp-json\/wp\/v2\/posts"}],"about":[{"href":"https:\/\/www.europesays.com\/lv\/wp-json\/wp\/v2\/types\/post"}],"author":[{"embeddable":true,"href":"https:\/\/www.europesays.com\/lv\/wp-json\/wp\/v2\/users\/2"}],"replies":[{"embeddable":true,"href":"https:\/\/www.europesays.com\/lv\/wp-json\/wp\/v2\/comments?post=60817"}],"version-history":[{"count":0,"href":"https:\/\/www.europesays.com\/lv\/wp-json\/wp\/v2\/posts\/60817\/revisions"}],"wp:featuredmedia":[{"embeddable":true,"href":"https:\/\/www.europesays.com\/lv\/wp-json\/wp\/v2\/media\/60818"}],"wp:attachment":[{"href":"https:\/\/www.europesays.com\/lv\/wp-json\/wp\/v2\/media?parent=60817"}],"wp:term":[{"taxonomy":"category","embeddable":true,"href":"https:\/\/www.europesays.com\/lv\/wp-json\/wp\/v2\/categories?post=60817"},{"taxonomy":"post_tag","embeddable":true,"href":"https:\/\/www.europesays.com\/lv\/wp-json\/wp\/v2\/tags?post=60817"}],"curies":[{"name":"wp","href":"https:\/\/api.w.org\/{rel}","templated":true}]}}