{"id":60819,"date":"2025-11-28T16:33:08","date_gmt":"2025-11-28T16:33:08","guid":{"rendered":"https:\/\/www.europesays.com\/lv\/60819\/"},"modified":"2025-11-28T16:33:08","modified_gmt":"2025-11-28T16:33:08","slug":"trampa-sutni-apliecinas-putinam-asv-gatavibu-atzit-ukrainas-teritoriju-aneksiju","status":"publish","type":"post","link":"https:\/\/www.europesays.com\/lv\/60819\/","title":{"rendered":"Trampa s\u016bt\u0146i apliecin\u0101s Putinam ASV gatav\u012bbu atz\u012bt Ukrainas teritoriju aneksiju"},"content":{"rendered":"<p>Laikraksts nor\u0101da, ka pl\u0101ns izteikt \u0161\u0101du pied\u0101v\u0101jumu krieviem neesot atcelts ne p\u0113c sarun\u0101m \u017den\u0113v\u0101, ne p\u0113c Eiropas sabiedroto br\u012bdin\u0101jumiem.<\/p>\n<blockquote class=\"quote ck-widget\" contenteditable=\"false\">\n<p>&#8220;K\u013c\u016bst arvien skaidr\u0101k, ka amerik\u0101\u0146iem ir vienaldz\u012bga Eiropas nost\u0101ja. Vi\u0146i saka, ka eiropie\u0161i var r\u012bkoties t\u0101, k\u0101 uzskata par vajadz\u012bgu,&#8221; laikrakstam nor\u0101d\u012bjis viens no avotiem.<\/p>\n<\/blockquote>\n<p>Putins nesen izteic\u0101s, ka Maskavas skat\u012bjum\u0101 Krimas, Luhanskas un Doneckas apgabalu juridiska atz\u012b\u0161ana par Krievijai piedero\u0161\u0101m b\u016bs viens no galvenajiem jaut\u0101jumiem sarun\u0101s par t\u0101 d\u0113v\u0113to Trampa miera pl\u0101nu.<\/p>\n<p>Diktators ar\u012b apgalvojis, ka esot gatavs rakstiski apliecin\u0101t, ka <a href=\"https:\/\/www.tvnet.lv\/term\/555452\/krievija\" class=\"topicLink\" target=\"_blank\" rel=\"nofollow noopener\">Krievija<\/a> neuzbruk\u0161ot Eiropai.<\/p>\n<p>Daudzi avoti apgalvo, ka <a href=\"https:\/\/www.tvnet.lv\/term\/555410\/asv\" class=\"topicLink\" target=\"_blank\" rel=\"nofollow noopener\">ASV<\/a> priek\u0161likums atz\u012bt Krievijas kontroli p\u0101r Ukrainas okup\u0113taj\u0101m teritorij\u0101m joproj\u0101m ir strat\u0113\u0123ijas da\u013ca ar\u012b p\u0113c tam, kad s\u0101kotn\u0113jais ASV 28 punktu pl\u0101ns tika kori\u0123\u0113ts ASV un Ukrainas deleg\u0101ciju sarun\u0101s \u017den\u0113v\u0101.<\/p>\n<p>Vienlaikus ASV pl\u0101ns paredz, ka Ukraina netiks spiesta atz\u012bt Krievijas ties\u012bbas uz okup\u0113taj\u0101m teritorij\u0101m.<\/p>\n","protected":false},"excerpt":{"rendered":"Laikraksts nor\u0101da, ka pl\u0101ns izteikt \u0161\u0101du pied\u0101v\u0101jumu krieviem neesot atcelts ne p\u0113c sarun\u0101m \u017den\u0113v\u0101, ne p\u0113c Eiropas sabiedroto&hellip;\n","protected":false},"author":2,"featured_media":60820,"comment_status":"","ping_status":"","sticky":false,"template":"","format":"standard","meta":{"footnotes":""},"categories":[14],"tags":[23,57,292,28,29,542,32,33,22,234,74,30,31,35,39,38,36,37,34,40,20,26,27,24,25,235,54,55,56,21,58],"class_list":{"0":"post-60819","1":"post","2":"type-post","3":"status-publish","4":"format-standard","5":"has-post-thumbnail","7":"category-zinas-no-arvalstim","8":"tag-aktualitates","9":"tag-arvalstim","10":"tag-asv","11":"tag-breaking-news","12":"tag-breakingnews","13":"tag-donalds-tramps","14":"tag-featured-news","15":"tag-featurednews","16":"tag-headlines","17":"tag-krievija","18":"tag-krievijas-iebrukums-ukraina","19":"tag-latest-news","20":"tag-latestnews","21":"tag-latvia","22":"tag-latvian","23":"tag-latviesu","24":"tag-latviesu-valoda","25":"tag-latviesuvaloda","26":"tag-latvija","27":"tag-lv","28":"tag-news","29":"tag-popularakas-zinas","30":"tag-popularakaszinas","31":"tag-top-stories","32":"tag-topstories","33":"tag-vladimirs-putins","34":"tag-world","35":"tag-world-news","36":"tag-worldnews","37":"tag-zinas","38":"tag-zinas-no-arvalstim"},"share_on_mastodon":{"url":"https:\/\/pubeurope.com\/@lv\/115628291036061839","error":""},"_links":{"self":[{"href":"https:\/\/www.europesays.com\/lv\/wp-json\/wp\/v2\/posts\/60819","targetHints":{"allow":["GET"]}}],"collection":[{"href":"https:\/\/www.europesays.com\/lv\/wp-json\/wp\/v2\/posts"}],"about":[{"href":"https:\/\/www.europesays.com\/lv\/wp-json\/wp\/v2\/types\/post"}],"author":[{"embeddable":true,"href":"https:\/\/www.europesays.com\/lv\/wp-json\/wp\/v2\/users\/2"}],"replies":[{"embeddable":true,"href":"https:\/\/www.europesays.com\/lv\/wp-json\/wp\/v2\/comments?post=60819"}],"version-history":[{"count":0,"href":"https:\/\/www.europesays.com\/lv\/wp-json\/wp\/v2\/posts\/60819\/revisions"}],"wp:featuredmedia":[{"embeddable":true,"href":"https:\/\/www.europesays.com\/lv\/wp-json\/wp\/v2\/media\/60820"}],"wp:attachment":[{"href":"https:\/\/www.europesays.com\/lv\/wp-json\/wp\/v2\/media?parent=60819"}],"wp:term":[{"taxonomy":"category","embeddable":true,"href":"https:\/\/www.europesays.com\/lv\/wp-json\/wp\/v2\/categories?post=60819"},{"taxonomy":"post_tag","embeddable":true,"href":"https:\/\/www.europesays.com\/lv\/wp-json\/wp\/v2\/tags?post=60819"}],"curies":[{"name":"wp","href":"https:\/\/api.w.org\/{rel}","templated":true}]}}