{"id":60821,"date":"2025-11-28T16:35:07","date_gmt":"2025-11-28T16:35:07","guid":{"rendered":"https:\/\/www.europesays.com\/lv\/60821\/"},"modified":"2025-11-28T16:35:07","modified_gmt":"2025-11-28T16:35:07","slug":"eiduka-ruka-stasies-preti-izaicinajumiem-pasaules-kausa-posma-ar-pozitivu-skatijumu-lente-lv","status":"publish","type":"post","link":"https:\/\/www.europesays.com\/lv\/60821\/","title":{"rendered":"Eiduka Ruk\u0101 st\u0101sies pret\u012b izaicin\u0101jumiem Pasaules kausa posm\u0101 ar pozit\u012bvu skat\u012bjumu\u00a0\u2014\u00a0Lente.lv"},"content":{"rendered":"<p>Patr\u012bcija Eiduka gatava Pasaules kausa sezonas atkl\u0101\u0161anai Ruk\u0101 ar pozit\u012bv\u0101m dom\u0101m<\/p>\n<p>Baltijas lab\u0101k\u0101 distan\u010du sl\u0113pot\u0101ja Patr\u012bcija Eiduka ir gatava st\u0101ties uz starta l\u012bnijas gaid\u0101maj\u0101 Pasaules kausa posm\u0101, kas norisin\u0101sies Somijas zieme\u013cos, Ruk\u0101. Lai gan sportiste atz\u012bst, ka \u0161\u012b trase vi\u0146ai nav \u012bpa\u0161i izdev\u012bga, kopum\u0101 vi\u0146a sagaida savu atgrie\u0161anos augst\u0101k\u0101 l\u012bme\u0146a sacens\u012bb\u0101s ar lielu nepaciet\u012bbu un pozit\u012bv\u0101m emocij\u0101m.<\/p>\n<p>Ce\u013c\u0161 uz Rukas trasi un sl\u0113pot\u0101jas noska\u0146ojums<\/p>\n<p>Rukas trase, kas slavena ar savu sare\u017e\u0123\u012bt\u012bbu un tehnisko pras\u012bbu l\u012bmeni, nav glu\u017ei Eidukas favor\u012btvieta. Ta\u010du, neskatoties uz \u0161o izaicin\u0101jumu, vi\u0146a uzsver savu v\u0113lmi atgriezties sacens\u012bbu ritm\u0101 un sevi apliecin\u0101t. \u201cKatras sacens\u012bbas ir jauna iesp\u0113ja, jauns izaicin\u0101jums, un esmu \u013coti priec\u012bga b\u016bt \u0161eit,\u201d atkl\u0101j Eiduka. Vi\u0146as pozit\u012bvais noska\u0146ojums un ap\u0146\u0113m\u012bba ir j\u016btama jau pirms starta. \u0160\u012b sezona sol\u0101s b\u016bt \u012bpa\u0161i saspringta, jo taj\u0101 ietilpst ar\u012b pasaules \u010dempion\u0101ts, kas pie\u0161\u0137ir papildu motiv\u0101ciju.<\/p>\n<p>Sagatavo\u0161an\u0101s un gaid\u0101m\u0101s sezonas prognozes<\/p>\n<p>P\u0113c intens\u012bva sagatavo\u0161an\u0101s posma, kas ietv\u0113ra gan fizisko kond\u012bciju uzlabo\u0161anu, gan tehnisko elementu pilnveido\u0161anu, Eiduka ir p\u0101rliecin\u0101ta par savu gatav\u012bbu. Vi\u0146as m\u0113r\u0137is ir ne tikai sasniegt labus rezult\u0101tus individu\u0101laj\u0101s distanc\u0113s, bet ar\u012b par\u0101d\u012bt stabilu sniegumu vis\u0101s sacens\u012bb\u0101s. &#8220;Mani m\u0113r\u0137i ir augsti, bet vienlaikus re\u0101listiski. Vissvar\u012bg\u0101kais ir katru reizi dot visu sevi un nep\u0101rtraukti progres\u0113t,&#8221; vi\u0146a piebilst. Eidukas l\u012bdzdal\u012bba Pasaules kausa posm\u0101 ir noz\u012bm\u012bgs solis vi\u0146as karjer\u0101, un sagaid\u0101ms, ka vi\u0146a sp\u0113s p\u0101rsteigt gan sevi, gan l\u012bdzjut\u0113jus.<\/p>\n<p>Izaicin\u0101jumi un iesp\u0113jas<\/p>\n<p>Rukas trase ir zin\u0101ma ar saviem st\u0101vajiem k\u0101pumiem un \u0101trajiem nobraucieniem, kas prasa ne tikai fizisku iztur\u012bbu, bet ar\u012b augstu tehnisko meistar\u012bbu. Lai gan \u0161\u012b specifika Eidukai var\u0113tu neb\u016bt ide\u0101li piem\u0113rota, vi\u0146a ir gatava piel\u0101goties un izmantot katru iesp\u0113ju, lai par\u0101d\u012btu savu lab\u0101ko sniegumu. &#8220;Esmu str\u0101d\u0101jusi pie sav\u0101m v\u0101jaj\u0101m viet\u0101m, un ceru, ka tas dos rezult\u0101tus ar\u012b \u0161aj\u0101 tras\u0113,&#8221; pau\u017e Eiduka. Vi\u0146as gatav\u012bba saskarties ar izaicin\u0101jumiem un pozit\u012bv\u0101 attieksme ir galvenie priek\u0161noteikumi veiksm\u012bgai sezonai.<\/p>\n<p>Pasaules kausa posma noz\u012bme un n\u0101kotnes perspekt\u012bvas<\/p>\n<p>Pasaules kausa posmi ir augst\u0101k\u0101 l\u012bme\u0146a sacens\u012bbas, kur\u0101s pulc\u0113jas lab\u0101kie distan\u010du sl\u0113pot\u0101ji no visas pasaules. Eidukas dal\u012bba ir apliecin\u0101jums vi\u0146as izaugsmei un sp\u0113jai konkur\u0113t elites vid\u016b. \u0160ie starti dos vi\u0146ai neatsveramu pieredzi un iesp\u0113ju nov\u0113rt\u0113t savu sagatavot\u012bbas l\u012bmeni sal\u012bdzin\u0101jum\u0101 ar pasaules lab\u0101kajiem sportistiem. &#8220;Esmu gatava c\u012bn\u012bties un dot visu sevi, lai sasniegtu savus m\u0113r\u0137us \u0161aj\u0101 sezon\u0101,&#8221; rezum\u0113 Eiduka. Vi\u0146as centieni un neatlaid\u012bba dod cer\u012bbu uz spo\u017eu sniegumu turpm\u0101kajos startos.<\/p>\n","protected":false},"excerpt":{"rendered":"Patr\u012bcija Eiduka gatava Pasaules kausa sezonas atkl\u0101\u0161anai Ruk\u0101 ar pozit\u012bv\u0101m dom\u0101m Baltijas lab\u0101k\u0101 distan\u010du sl\u0113pot\u0101ja Patr\u012bcija Eiduka ir&hellip;\n","protected":false},"author":2,"featured_media":60822,"comment_status":"","ping_status":"","sticky":false,"template":"","format":"standard","meta":{"footnotes":""},"categories":[5],"tags":[23,28,29,8196,32,33,22,30,31,35,39,38,36,37,34,40,20,2560,8094,26,27,16035,16036,24,25,21],"class_list":{"0":"post-60821","1":"post","2":"type-post","3":"status-publish","4":"format-standard","5":"has-post-thumbnail","7":"category-aktualitates","8":"tag-aktualitates","9":"tag-breaking-news","10":"tag-breakingnews","11":"tag-distancu-sleposana","12":"tag-featured-news","13":"tag-featurednews","14":"tag-headlines","15":"tag-latest-news","16":"tag-latestnews","17":"tag-latvia","18":"tag-latvian","19":"tag-latviesu","20":"tag-latviesu-valoda","21":"tag-latviesuvaloda","22":"tag-latvija","23":"tag-lv","24":"tag-news","25":"tag-pasaules-kauss","26":"tag-patricija-eiduka","27":"tag-popularakas-zinas","28":"tag-popularakaszinas","29":"tag-ruka","30":"tag-sleposanas-sezona","31":"tag-top-stories","32":"tag-topstories","33":"tag-zinas"},"share_on_mastodon":{"url":"https:\/\/pubeurope.com\/@lv\/115628298967121588","error":""},"_links":{"self":[{"href":"https:\/\/www.europesays.com\/lv\/wp-json\/wp\/v2\/posts\/60821","targetHints":{"allow":["GET"]}}],"collection":[{"href":"https:\/\/www.europesays.com\/lv\/wp-json\/wp\/v2\/posts"}],"about":[{"href":"https:\/\/www.europesays.com\/lv\/wp-json\/wp\/v2\/types\/post"}],"author":[{"embeddable":true,"href":"https:\/\/www.europesays.com\/lv\/wp-json\/wp\/v2\/users\/2"}],"replies":[{"embeddable":true,"href":"https:\/\/www.europesays.com\/lv\/wp-json\/wp\/v2\/comments?post=60821"}],"version-history":[{"count":0,"href":"https:\/\/www.europesays.com\/lv\/wp-json\/wp\/v2\/posts\/60821\/revisions"}],"wp:featuredmedia":[{"embeddable":true,"href":"https:\/\/www.europesays.com\/lv\/wp-json\/wp\/v2\/media\/60822"}],"wp:attachment":[{"href":"https:\/\/www.europesays.com\/lv\/wp-json\/wp\/v2\/media?parent=60821"}],"wp:term":[{"taxonomy":"category","embeddable":true,"href":"https:\/\/www.europesays.com\/lv\/wp-json\/wp\/v2\/categories?post=60821"},{"taxonomy":"post_tag","embeddable":true,"href":"https:\/\/www.europesays.com\/lv\/wp-json\/wp\/v2\/tags?post=60821"}],"curies":[{"name":"wp","href":"https:\/\/api.w.org\/{rel}","templated":true}]}}