{"id":60823,"date":"2025-11-28T16:37:09","date_gmt":"2025-11-28T16:37:09","guid":{"rendered":"https:\/\/www.europesays.com\/lv\/60823\/"},"modified":"2025-11-28T16:37:09","modified_gmt":"2025-11-28T16:37:09","slug":"porzingis-un-laksa-atziti-par-2025-gada-latvijas-labakajiem-basketboliem","status":"publish","type":"post","link":"https:\/\/www.europesays.com\/lv\/60823\/","title":{"rendered":"Porzi\u0146\u0123is un Laksa atz\u012bti par 2025. gada Latvijas lab\u0101kajiem basketboliem"},"content":{"rendered":"<p>LBS piektdien apbalvoja 2024.\/2025. gada sezonas izcilniekus, pie\u0161\u0137irot gada balvas basketbol\u0101 14 nomin\u0101cij\u0101s.<\/p>\n<p>Par gada sp\u0113l\u0113t\u0101ju ir atz\u012bts Latvijas valstsvien\u012bbas rezultat\u012bv\u0101kais sp\u0113l\u0113t\u0101js Eiropas \u010dempion\u0101ta fin\u0101lturn\u012br\u0101 un vien\u012bgais \u0161\u012b br\u012b\u017ea Latvijas p\u0101rst\u0101vis <a href=\"https:\/\/sports.tvnet.lv\/term\/10004\/nba\" class=\"topicLink\" target=\"_blank\" rel=\"nofollow noopener\">NBA<\/a> Porzi\u0146\u0123is, kur\u0161 uzvar\u0113ja ar lielu p\u0101rsvaru.<\/p>\n<p>Vi\u0146\u0161 apsteidza vienu no valstsvien\u012bbas l\u012bderiem Eiropas \u010dempion\u0101ta fin\u0101lturn\u012br\u0101 R\u012bg\u0101 Rihardu Loma\u017eu, tre\u0161\u0101s vietas ieguv\u0113ju Adrijas l\u012bg\u0101 D\u0101vi Bert\u0101nu, Eirol\u012bgas ceturtda\u013cfin\u0101listu Rolandu \u0160mitu, k\u0101 ar\u012b Eirol\u012bgas un Turcijas \u010dempionu Art\u016bru \u017dagaru.<\/p>\n<p>Porzi\u0146\u0123is par Latvijas gada basketbolistu ir atz\u012bts ceturto reizi, iepriek\u0161 \u0161\u0101du atzin\u012bbu izpelnoties 2016., 2017. un 2024. gad\u0101.<\/p>\n<p>LBS zi\u0146o, ka ar\u012b It\u0101lijas \u010dempione un kausa ieguv\u0113ja, k\u0101 ar\u012b Sievie\u0161u nacion\u0101l\u0101s basketbola asoci\u0101cijas (<a href=\"https:\/\/sports.tvnet.lv\/term\/21646\/wnba\" class=\"topicLink\" target=\"_blank\" rel=\"nofollow noopener\">WNBA<\/a>) fin\u0101liste Laksa uzvar\u0113ja p\u0101rliecino\u0161i.<\/p>\n<p>Nominantu piecniek\u0101 bija iek\u013cauta ar\u012b Baltijas un Lietuvas vice\u010dempione Kate Vilka, Ung\u0101rijas vice\u010dempione un kausa ieguv\u0113ja Aleksa Gulbe, Turcijas \u010dempion\u0101ta bronzas meda\u013cas ieguv\u0113ja Anete \u0160teinberga un Polijas \u010dempion\u0101ta bronzas godalgas \u012bpa\u0161niece Digna Strautmane.<\/p>\n<p>Laksa Latvijas basketbola gada balvu ieguva ceturto reizi p\u0113c k\u0101rtas un piekto reizi karjer\u0101, iepriek\u0161 par lab\u0101ko tiekot atz\u012btai ar\u012b 2018. gad\u0101.<\/p>\n","protected":false},"excerpt":{"rendered":"LBS piektdien apbalvoja 2024.\/2025. gada sezonas izcilniekus, pie\u0161\u0137irot gada balvas basketbol\u0101 14 nomin\u0101cij\u0101s. Par gada sp\u0113l\u0113t\u0101ju ir atz\u012bts&hellip;\n","protected":false},"author":2,"featured_media":35217,"comment_status":"","ping_status":"","sticky":false,"template":"","format":"standard","meta":{"footnotes":""},"categories":[17],"tags":[5219,905,1260,35,39,38,36,37,34,40,1258,16037,67,904],"class_list":{"0":"post-60823","1":"post","2":"type-post","3":"status-publish","4":"format-standard","5":"has-post-thumbnail","7":"category-sports","8":"tag-atlantas-hawks","9":"tag-kitija-laksa","10":"tag-kristaps-porzingis","11":"tag-latvia","12":"tag-latvian","13":"tag-latviesu","14":"tag-latviesu-valoda","15":"tag-latviesuvaloda","16":"tag-latvija","17":"tag-lv","18":"tag-nba","19":"tag-skio-famila","20":"tag-sports","21":"tag-wnba"},"share_on_mastodon":{"url":"https:\/\/pubeurope.com\/@lv\/115628306812234358","error":""},"_links":{"self":[{"href":"https:\/\/www.europesays.com\/lv\/wp-json\/wp\/v2\/posts\/60823","targetHints":{"allow":["GET"]}}],"collection":[{"href":"https:\/\/www.europesays.com\/lv\/wp-json\/wp\/v2\/posts"}],"about":[{"href":"https:\/\/www.europesays.com\/lv\/wp-json\/wp\/v2\/types\/post"}],"author":[{"embeddable":true,"href":"https:\/\/www.europesays.com\/lv\/wp-json\/wp\/v2\/users\/2"}],"replies":[{"embeddable":true,"href":"https:\/\/www.europesays.com\/lv\/wp-json\/wp\/v2\/comments?post=60823"}],"version-history":[{"count":0,"href":"https:\/\/www.europesays.com\/lv\/wp-json\/wp\/v2\/posts\/60823\/revisions"}],"wp:featuredmedia":[{"embeddable":true,"href":"https:\/\/www.europesays.com\/lv\/wp-json\/wp\/v2\/media\/35217"}],"wp:attachment":[{"href":"https:\/\/www.europesays.com\/lv\/wp-json\/wp\/v2\/media?parent=60823"}],"wp:term":[{"taxonomy":"category","embeddable":true,"href":"https:\/\/www.europesays.com\/lv\/wp-json\/wp\/v2\/categories?post=60823"},{"taxonomy":"post_tag","embeddable":true,"href":"https:\/\/www.europesays.com\/lv\/wp-json\/wp\/v2\/tags?post=60823"}],"curies":[{"name":"wp","href":"https:\/\/api.w.org\/{rel}","templated":true}]}}