{"id":60826,"date":"2025-11-28T16:47:13","date_gmt":"2025-11-28T16:47:13","guid":{"rendered":"https:\/\/www.europesays.com\/lv\/60826\/"},"modified":"2025-11-28T16:47:13","modified_gmt":"2025-11-28T16:47:13","slug":"viedtalrunu-razotaju-iestatijumi-kave-sunu-apraides-pazinojumu-sanemsanu-lente-lv","status":"publish","type":"post","link":"https:\/\/www.europesays.com\/lv\/60826\/","title":{"rendered":"Viedt\u0101lru\u0146u ra\u017eot\u0101ju iestat\u012bjumi kav\u0113 \u0161\u016bnu apraides pazi\u0146ojumu sa\u0146em\u0161anu\u00a0\u2014\u00a0Lente.lv"},"content":{"rendered":"<p>Izskaidroti \u0160\u016bnu Apraides Pazi\u0146ojumu Tr\u016bkuma C\u0113lo\u0146i Latvij\u0101<\/p>\n<p>Daudzi Latvijas iedz\u012bvot\u0101ji izjuta neizpratni un pat nelielu satraukumu, kad tre\u0161dien nesa\u0146\u0113ma gaid\u012btos \u0161\u016bnu apraides pazi\u0146ojumus savos viedt\u0101lru\u0146os. \u0160\u012bs sist\u0113mas ir izstr\u0101d\u0101tas, lai sniegtu svar\u012bgu inform\u0101ciju kr\u012bzes situ\u0101cij\u0101s, un to darb\u012bbas trauc\u0113jumi rad\u012bja jaut\u0101jumus par dro\u0161\u012bbas aspektiem.<\/p>\n<p>Iek\u0161lietu ministrijas (IeM) Inform\u0101cijas centrs ir sniedzis skaidrojumu, ka galvenais iemesls \u0161o svar\u012bgo br\u012bdin\u0101jumu nesa\u0146em\u0161anai ir saist\u012bts nevis ar pa\u0161as sist\u0113mas darb\u012bbas k\u013c\u016bm\u0113m, bet gan ar specifiskajiem uzst\u0101d\u012bjumiem, ko veic viedt\u0101lru\u0146u ra\u017eot\u0101ji. Tas noz\u012bm\u0113, ka pat tad, ja sist\u0113ma ir akt\u012bva un gatava nos\u016bt\u012bt br\u012bdin\u0101jumus, t\u0101lru\u0146a programmat\u016bra var tos blo\u0137\u0113t.<\/p>\n<p>Viedt\u0101lru\u0146u Ra\u017eot\u0101ju Loma un Tehniskie \u0160\u0137\u0113r\u0161\u013ci<\/p>\n<p>\u0160\u016bnu apraide ir tehnolo\u0123ija, kas \u013cauj vienlaic\u012bgi nos\u016bt\u012bt \u012bszi\u0146as lielam skaitam cilv\u0113ku noteikt\u0101 \u0123eogr\u0101fisk\u0101 apgabal\u0101. T\u0101 ir b\u016btiska, lai inform\u0113tu sabiedr\u012bbu par da\u017e\u0101diem draudiem, s\u0101kot no dabas katastrof\u0101m l\u012bdz pat citiem steidzamiem dro\u0161\u012bbas jaut\u0101jumiem. Tom\u0113r, k\u0101 nor\u0101da IeM Inform\u0101cijas centrs, vairums m\u016bsdienu viedt\u0101lru\u0146u ir apr\u012bkoti ar funkcij\u0101m, kas var autom\u0101tiski ignor\u0113t vai filtr\u0113t \u0161\u0101da veida pazi\u0146ojumus, ja tie nav iepriek\u0161 \u012bpa\u0161i konfigur\u0113ti lietot\u0101ja vajadz\u012bb\u0101m.<\/p>\n<p>\u0160is ra\u017eot\u0101ju uzst\u0101d\u012bjumu rad\u012btais \u0161\u0137\u0113rslis ir l\u012bdz\u012bgs tam, k\u0101, piem\u0113ram, antiv\u012brusu programmas da\u017ek\u0101rt var ne\u013caut piek\u013c\u016bt k\u0101dai vietnei, uzskatot to par potenci\u0101li b\u012bstamu, pat ja t\u0101 t\u0101da nav. Lai gan \u0161\u0101das funkcijas kalpo lietot\u0101ju dro\u0161\u012bbai, t\u0101s var rad\u012bt ar\u012b nev\u0113lamus blakusefektus, k\u0101ds ir nov\u0113rots \u0161\u016bnu apraides pazi\u0146ojumu gad\u012bjum\u0101.<\/p>\n<p>K\u0101 Nodro\u0161in\u0101t Pazi\u0146ojumu Sa\u0146em\u0161anu?<\/p>\n<p>Lai gan situ\u0101cija var \u0161\u0137ist satrauco\u0161a, ir svar\u012bgi saprast, ka tas nav sign\u0101ls par piln\u012bgu sist\u0113mas atteici. Dr\u012bz\u0101k tas uzsver nepiecie\u0161am\u012bbu p\u0113c inform\u0113t\u012bbas un lietot\u0101ju darb\u012bb\u0101m, lai nodro\u0161in\u0101tu savu dro\u0161\u012bbu. Iek\u0161lietu ministrija aicina iedz\u012bvot\u0101jus p\u0101rbaud\u012bt savu viedt\u0101lru\u0146u iestat\u012bjumus, lai p\u0101rliecin\u0101tos, ka \u0161\u016bnu apraides pazi\u0146ojumi ir aktiviz\u0113ti.<\/p>\n<p>Daudzos gad\u012bjumos tas noz\u012bm\u0113 navig\u0101ciju uz sada\u013cu &#8220;Pazi\u0146ojumi&#8221; vai &#8220;Dro\u0161\u012bba&#8221; t\u0101lru\u0146a izv\u0113ln\u0113 un konkr\u0113t\u0101s opcijas &#8220;\u0160\u016bnu apraides br\u012bdin\u0101jumi&#8221; (vai l\u012bdz\u012bgi nosauktas) iesl\u0113g\u0161anu. Konkr\u0113t\u0101 atra\u0161an\u0101s vieta un nosaukums var at\u0161\u0137irties atkar\u012bb\u0101 no t\u0101lru\u0146a markas un oper\u0113t\u0101jsist\u0113mas versijas. \u0160is vienk\u0101r\u0161ais solis var iev\u0113rojami uzlabot iesp\u0113ju sa\u0146emt svar\u012bgu inform\u0101ciju, kad t\u0101 visskaidr\u0101k nepiecie\u0161ama.<\/p>\n<p>N\u0101kotnes Perspekt\u012bvas un Sabiedr\u012bbas Dro\u0161\u012bba<\/p>\n<p>IeM Inform\u0101cijas centrs turpin\u0101s sadarb\u012bbu ar viedt\u0101lru\u0146u ra\u017eot\u0101jiem, lai rastu risin\u0101jumus, kas nodro\u0161in\u0101tu \u0161o svar\u012bgo pazi\u0146ojumu efekt\u012bv\u0101ku izplat\u012b\u0161anos n\u0101kotn\u0113. Tom\u0113r pagaid\u0101m atbild\u012bba par savas gatav\u012bbas nodro\u0161in\u0101\u0161anu gulstas ar\u012b uz pa\u0161u iedz\u012bvot\u0101jiem. \u0160is gad\u012bjums ir spilgts atg\u0101din\u0101jums par to, cik svar\u012bgi ir ne tikai iepaz\u012bties ar jaunaj\u0101m tehnolo\u0123ij\u0101m, bet ar\u012b saprast, k\u0101 t\u0101s darbojas un k\u0101 t\u0101s pareizi konfigur\u0113t sav\u0101m vajadz\u012bb\u0101m, lai t\u0101s kalpotu mums, nevis m\u0113s t\u0101m.<\/p>\n","protected":false},"excerpt":{"rendered":"Izskaidroti \u0160\u016bnu Apraides Pazi\u0146ojumu Tr\u016bkuma C\u0113lo\u0146i Latvij\u0101 Daudzi Latvijas iedz\u012bvot\u0101ji izjuta neizpratni un pat nelielu satraukumu, kad tre\u0161dien&hellip;\n","protected":false},"author":2,"featured_media":60827,"comment_status":"","ping_status":"","sticky":false,"template":"","format":"standard","meta":{"footnotes":""},"categories":[5],"tags":[23,28,29,16040,16042,32,33,22,6604,30,31,35,39,38,36,37,34,40,20,26,27,13021,24,25,16041,21],"class_list":{"0":"post-60826","1":"post","2":"type-post","3":"status-publish","4":"format-standard","5":"has-post-thumbnail","7":"category-aktualitates","8":"tag-aktualitates","9":"tag-breaking-news","10":"tag-breakingnews","11":"tag-bridinajuma-pazinojumi","12":"tag-drosibas-bridinajumi","13":"tag-featured-news","14":"tag-featurednews","15":"tag-headlines","16":"tag-iekslietu-ministrija","17":"tag-latest-news","18":"tag-latestnews","19":"tag-latvia","20":"tag-latvian","21":"tag-latviesu","22":"tag-latviesu-valoda","23":"tag-latviesuvaloda","24":"tag-latvija","25":"tag-lv","26":"tag-news","27":"tag-popularakas-zinas","28":"tag-popularakaszinas","29":"tag-sunu-apraide","30":"tag-top-stories","31":"tag-topstories","32":"tag-viedtalrunu-iestatijumi","33":"tag-zinas"},"share_on_mastodon":{"url":"https:\/\/pubeurope.com\/@lv\/115628346135219667","error":""},"_links":{"self":[{"href":"https:\/\/www.europesays.com\/lv\/wp-json\/wp\/v2\/posts\/60826","targetHints":{"allow":["GET"]}}],"collection":[{"href":"https:\/\/www.europesays.com\/lv\/wp-json\/wp\/v2\/posts"}],"about":[{"href":"https:\/\/www.europesays.com\/lv\/wp-json\/wp\/v2\/types\/post"}],"author":[{"embeddable":true,"href":"https:\/\/www.europesays.com\/lv\/wp-json\/wp\/v2\/users\/2"}],"replies":[{"embeddable":true,"href":"https:\/\/www.europesays.com\/lv\/wp-json\/wp\/v2\/comments?post=60826"}],"version-history":[{"count":0,"href":"https:\/\/www.europesays.com\/lv\/wp-json\/wp\/v2\/posts\/60826\/revisions"}],"wp:featuredmedia":[{"embeddable":true,"href":"https:\/\/www.europesays.com\/lv\/wp-json\/wp\/v2\/media\/60827"}],"wp:attachment":[{"href":"https:\/\/www.europesays.com\/lv\/wp-json\/wp\/v2\/media?parent=60826"}],"wp:term":[{"taxonomy":"category","embeddable":true,"href":"https:\/\/www.europesays.com\/lv\/wp-json\/wp\/v2\/categories?post=60826"},{"taxonomy":"post_tag","embeddable":true,"href":"https:\/\/www.europesays.com\/lv\/wp-json\/wp\/v2\/tags?post=60826"}],"curies":[{"name":"wp","href":"https:\/\/api.w.org\/{rel}","templated":true}]}}