{"id":60850,"date":"2025-11-28T17:18:08","date_gmt":"2025-11-28T17:18:08","guid":{"rendered":"https:\/\/www.europesays.com\/lv\/60850\/"},"modified":"2025-11-28T17:18:08","modified_gmt":"2025-11-28T17:18:08","slug":"kevina-speisija-seksualas-uzmaksanas-lieta-nonaks-tiesa-nakama-gada-oktobri-lente-lv","status":"publish","type":"post","link":"https:\/\/www.europesays.com\/lv\/60850\/","title":{"rendered":"Kevina Speisija seksu\u0101l\u0101s uzm\u0101k\u0161an\u0101s lieta non\u0101ks ties\u0101 n\u0101kam\u0101 gada oktobr\u012b\u00a0\u2014\u00a0Lente.lv"},"content":{"rendered":"<p>Kevina Speisija tiesas pr\u0101va par seksu\u0101lu uzm\u0101k\u0161anos: iesp\u0113jamais izn\u0101kums n\u0101kam\u0101 gada oktobr\u012b<\/p>\n<p>Holivudas zvaigzne Kevins Speisijs gatavojas st\u0101ties Lielbrit\u0101nijas Augst\u0101k\u0101s tiesas priek\u0161\u0101 n\u0101kam\u0101 gada oktobr\u012b, lai saskartos ar aps\u016bdz\u012bb\u0101m par seksu\u0101lu uzm\u0101k\u0161anos un uzbrukumiem. \u0160\u012bs aps\u016bdz\u012bbas c\u0113lu\u0161i tr\u012bs v\u012brie\u0161i, kuri apgalvo, ka notiku\u0161ais risin\u0101jies laika posm\u0101 starp 2000. un 2013. gadu. Zi\u0146as par gaid\u0101mo tiesas procesu izplat\u012bjis raidsabiedr\u012bba BBC, radot jaunu satraukumu ap aktiera reput\u0101ciju.<\/p>\n<p>Speisijs, kur\u0161 savulaik ieguvis gan BAFTA, gan Oskara balvas par sav\u0101m lom\u0101m, nu non\u0101cis sare\u017e\u0123\u012bt\u0101 juridisk\u0101 situ\u0101cij\u0101. \u0160\u012b lieta nav pirm\u0101 reize, kad vi\u0146\u0161 saskaras ar nopietn\u0101m aps\u016bdz\u012bb\u0101m. Iepriek\u0161\u0113j\u0101s aps\u016bdz\u012bbas, kas n\u0101ca gaism\u0101 2017. gad\u0101, vi\u0146\u0161 vienm\u0113r ir noliedzis.<\/p>\n<p>Detaliz\u0113t\u0101k par aps\u016bdz\u012bb\u0101m un to v\u0113sturi<\/p>\n<p>Apgalvojumi, kas tagad non\u0101ku\u0161i tiesas priek\u0161\u0101, attiecas uz vair\u0101kiem incidentiem, kas, p\u0113c cietu\u0161o teikt\u0101, notiku\u0161i pirms vair\u0101k nek\u0101 desmit gadiem. Lai gan prec\u012bzi notikumu apst\u0101k\u013ci un pier\u0101d\u012bjumi v\u0113l nav publiski atkl\u0101ti, tiesas process sol\u0101s b\u016bt gan ilgs, gan emocion\u0101li saspringts. Tas liek dom\u0101t par sare\u017e\u0123\u012btu juridisko c\u012b\u0146u, kur\u0101 tiks izv\u0113rt\u0113ti gan liecinieku st\u0101sti, gan iesp\u0113jamie fiziskie pier\u0101d\u012bjumi.<\/p>\n<p>Speisija juridisk\u0101 komanda, visticam\u0101k, cent\u012bsies atsp\u0113kot visas aps\u016bdz\u012bbas, nor\u0101dot uz pier\u0101d\u012bjumu tr\u016bkumu vai to nepietiekam\u012bbu. Tom\u0113r, \u0146emot v\u0113r\u0101 aps\u016bdz\u012bbu nopietn\u012bbu un to, ka t\u0101s n\u0101k no vair\u0101kiem cilv\u0113kiem, tiesas l\u0113mumam b\u016bs b\u016btiska ietekme uz aktiera n\u0101kotni un karjeru.<\/p>\n<p>Ietekme uz aktiera karjeru un sabiedr\u012bbas reakciju<\/p>\n<p>\u0160\u012b tiesas pr\u0101va ir v\u0113l viens trieciens Speisija karjerai, kas jau ir piedz\u012bvojusi iev\u0113rojamu kritumu p\u0113c iepriek\u0161\u0113j\u0101m aps\u016bdz\u012bb\u0101m. Vi\u0146a dal\u012bba liel\u0101kajos filmu projektos tika p\u0101rtraukta, un vi\u0146a publiskais t\u0113ls cieta milz\u012bgu kait\u0113jumu. Gaid\u0101mais tiesas process var\u0113tu v\u0113l vair\u0101k nostiprin\u0101t negat\u012bvo sabiedr\u012bbas uztveri, neatkar\u012bgi no gal\u012bg\u0101 tiesas sprieduma.<\/p>\n<p>\u0160\u0101das lietas vienm\u0113r izsauc pla\u0161u rezonansi sabiedr\u012bb\u0101, \u012bpa\u0161i Holivudas vid\u0113, kur\u0101 arvien bie\u017e\u0101k tiek run\u0101ts par dzimumu l\u012bdzties\u012bbu un c\u012b\u0146u pret seksu\u0101lo uzm\u0101k\u0161anos. Tiesa dos iesp\u0113ju gan aps\u016bdz\u0113t\u0101jiem, gan aps\u016bdz\u0113tajam izkl\u0101st\u012bt savu paties\u012bbu, bet sabiedr\u012bbai \u2013 nov\u0113rot un izdar\u012bt secin\u0101jumus.<\/p>\n<p>Ko sagaid\u012bt no tiesas procesa?<\/p>\n<p>Oktobra tiesas s\u0113de Lielbrit\u0101nijas Augst\u0101kaj\u0101 ties\u0101 iez\u012bm\u0113 jaunu posmu \u0161aj\u0101 sare\u017e\u0123\u012btaj\u0101 un j\u016bt\u012bgaj\u0101 liet\u0101. Ir skaidrs, ka tiesas process b\u016bs r\u016bp\u012bgs un uzman\u012bgi tiks izv\u0113rt\u0113ti visi fakti. Seksu\u0101las uzm\u0101k\u0161an\u0101s lietas bie\u017ei vien ir emocion\u0101li noslogotas, un \u0161aj\u0101 gad\u012bjum\u0101, \u0146emot v\u0113r\u0101 aps\u016bdz\u0113to personu slaven\u012bbu statusu, publicit\u0101te b\u016bs \u012bpa\u0161i liela.<\/p>\n<p>\u0160obr\u012bd ir gr\u016bti prognoz\u0113t prec\u012bzu izn\u0101kumu, ta\u010du tiesas process oktobr\u012b noteikti sniegs vair\u0101k skaidr\u012bbas par \u0161o lieta. Lai gan Kevina Speisija karjera ir piedz\u012bvojusi kr\u012bzi, izn\u0101kums \u0161aj\u0101 tiesas pr\u0101v\u0101 var\u0113tu b\u016bt iz\u0161\u0137iro\u0161s turpm\u0101kai vi\u0146a dz\u012bvei un profesion\u0101lajai darb\u012bbai.<\/p>\n","protected":false},"excerpt":{"rendered":"Kevina Speisija tiesas pr\u0101va par seksu\u0101lu uzm\u0101k\u0161anos: iesp\u0113jamais izn\u0101kums n\u0101kam\u0101 gada oktobr\u012b Holivudas zvaigzne Kevins Speisijs gatavojas st\u0101ties&hellip;\n","protected":false},"author":2,"featured_media":60851,"comment_status":"","ping_status":"","sticky":false,"template":"","format":"standard","meta":{"footnotes":""},"categories":[19],"tags":[16051,89,90,14796,35,39,38,36,37,34,16050,40,702,5889],"class_list":{"0":"post-60850","1":"post","2":"type-post","3":"status-publish","4":"format-standard","5":"has-post-thumbnail","7":"category-izklaide","8":"tag-aktera-karjera","9":"tag-entertainment","10":"tag-izklaide","11":"tag-kevins-speisijs","12":"tag-latvia","13":"tag-latvian","14":"tag-latviesu","15":"tag-latviesu-valoda","16":"tag-latviesuvaloda","17":"tag-latvija","18":"tag-lielbritanijas-augstaka-tiesa","19":"tag-lv","20":"tag-seksuala-uzmaksanas","21":"tag-tiesas-prava"},"share_on_mastodon":{"url":"https:\/\/pubeurope.com\/@lv\/115628467986770685","error":""},"_links":{"self":[{"href":"https:\/\/www.europesays.com\/lv\/wp-json\/wp\/v2\/posts\/60850","targetHints":{"allow":["GET"]}}],"collection":[{"href":"https:\/\/www.europesays.com\/lv\/wp-json\/wp\/v2\/posts"}],"about":[{"href":"https:\/\/www.europesays.com\/lv\/wp-json\/wp\/v2\/types\/post"}],"author":[{"embeddable":true,"href":"https:\/\/www.europesays.com\/lv\/wp-json\/wp\/v2\/users\/2"}],"replies":[{"embeddable":true,"href":"https:\/\/www.europesays.com\/lv\/wp-json\/wp\/v2\/comments?post=60850"}],"version-history":[{"count":0,"href":"https:\/\/www.europesays.com\/lv\/wp-json\/wp\/v2\/posts\/60850\/revisions"}],"wp:featuredmedia":[{"embeddable":true,"href":"https:\/\/www.europesays.com\/lv\/wp-json\/wp\/v2\/media\/60851"}],"wp:attachment":[{"href":"https:\/\/www.europesays.com\/lv\/wp-json\/wp\/v2\/media?parent=60850"}],"wp:term":[{"taxonomy":"category","embeddable":true,"href":"https:\/\/www.europesays.com\/lv\/wp-json\/wp\/v2\/categories?post=60850"},{"taxonomy":"post_tag","embeddable":true,"href":"https:\/\/www.europesays.com\/lv\/wp-json\/wp\/v2\/tags?post=60850"}],"curies":[{"name":"wp","href":"https:\/\/api.w.org\/{rel}","templated":true}]}}