{"id":60881,"date":"2025-11-28T18:10:22","date_gmt":"2025-11-28T18:10:22","guid":{"rendered":"https:\/\/www.europesays.com\/lv\/60881\/"},"modified":"2025-11-28T18:10:22","modified_gmt":"2025-11-28T18:10:22","slug":"janicenokam-piespriez-cietumsodu-atnem-autovaditaja-tiesibas-un-piedzen-25-000-eiro","status":"publish","type":"post","link":"https:\/\/www.europesays.com\/lv\/60881\/","title":{"rendered":"Jani\u010denokam piesprie\u017e cietumsodu, at\u0146em autovad\u012bt\u0101ja ties\u012bbas un piedzen 25 000 eiro"},"content":{"rendered":"<p>No Jani\u010denoka valsts lab\u0101 piedz\u012bta vi\u0146a izmantot\u0101 transportl\u012bdzek\u013ca &#8220;Ford Mustang Mach-E&#8221; da\u013c\u0113j\u0101 v\u0113rt\u012bba 25 000 eiro apm\u0113r\u0101.<\/p>\n<p>Spriedums v\u0113l nav st\u0101jies sp\u0113k\u0101, un to var\u0113s p\u0101rs\u016bdz\u0113t R\u012bgas apgabalties\u0101.<\/p>\n<p>Jau v\u0113st\u012bts, ka policija sa\u0146\u0113ma izsaukumu uz Elizabetes ielu 55, R\u012bg\u0101, kur bija notikusi sadursme starp Jani\u010denoka vad\u012btu automa\u0161\u012bnu un st\u0101v\u0113\u0161anai novietotu sp\u0113kratu.<\/p>\n<p>Negad\u012bjum\u0101 cilv\u0113ki necieta. Vienlaikus konstat\u0113ts, ka kust\u012bb\u0101 biju\u0161\u0101s automa\u0161\u012bnas vad\u012bt\u0101js pie st\u016bres s\u0113dies 2,33 promi\u013cu alkohola reibum\u0101.<\/p>\n<p>Automa\u0161\u012bna nepieder\u0113ja Jani\u010denokam, t\u0101p\u0113c t\u0101 atdota \u012bpa\u0161niekam. Jani\u010denoks vad\u012bja Latvijas Basketbola savien\u012bbai pie\u0161\u0137irto automa\u0161\u012bnu &#8220;Ford Mustang Mach-E&#8221;.<\/p>\n<p>Jani\u010denoks p\u0113c notiku\u0161\u0101 atk\u0101p\u0101s no amata.<\/p>\n<p>2022. gada novembr\u012b st\u0101j\u0101s sp\u0113k\u0101 groz\u012bjumi Krimin\u0101llikum\u0101, kas paredz krimin\u0101latbild\u012bbu par transportl\u012bdzek\u013ca vad\u012b\u0161anu vai m\u0101c\u012b\u0161anu vad\u012bt transportl\u012bdzekli, ja izelpot\u0101 gaisa vai asins p\u0101rbaud\u0113 konstat\u0113t\u0101 alkohola koncentr\u0101cija p\u0101rsniedz 1,5 promiles.<\/p>\n<p>Gad\u012bjumos, ja reibum\u0101 vad\u012btais transportl\u012bdzeklis pieder citai personai, no vain\u012bg\u0101s personas piedzen pilnu vai da\u013c\u0113ju \u0161\u012b transportl\u012bdzek\u013ca v\u0113rt\u012bbu.<\/p>\n<p>Krimin\u0101llikums par \u0161\u0101du noziegumu paredz br\u012bv\u012bbas at\u0146em\u0161anu l\u012bdz vienam gadam, prob\u0101cijas uzraudz\u012bbu un transportl\u012bdzek\u013ca vad\u012b\u0161anas ties\u012bbu at\u0146em\u0161anu uz pieciem gadiem.<\/p>\n","protected":false},"excerpt":{"rendered":"No Jani\u010denoka valsts lab\u0101 piedz\u012bta vi\u0146a izmantot\u0101 transportl\u012bdzek\u013ca &#8220;Ford Mustang Mach-E&#8221; da\u013c\u0113j\u0101 v\u0113rt\u012bba 25 000 eiro apm\u0113r\u0101. Spriedums&hellip;\n","protected":false},"author":2,"featured_media":60882,"comment_status":"","ping_status":"","sticky":false,"template":"","format":"standard","meta":{"footnotes":""},"categories":[12],"tags":[23,145,144,1098,16059,28,29,3368,32,33,22,16057,30,31,35,39,38,36,37,34,40,20,26,27,16058,24,25,21],"class_list":{"0":"post-60881","1":"post","2":"type-post","3":"status-publish","4":"format-standard","5":"has-post-thumbnail","7":"category-latvija","8":"tag-aktualitates","9":"tag-basketbols","10":"tag-basketbols-latvija","11":"tag-basketbols-pasaule","12":"tag-brauksana-reibuma","13":"tag-breaking-news","14":"tag-breakingnews","15":"tag-cietumsods","16":"tag-featured-news","17":"tag-featurednews","18":"tag-headlines","19":"tag-kristaps-janicenoks","20":"tag-latest-news","21":"tag-latestnews","22":"tag-latvia","23":"tag-latvian","24":"tag-latviesu","25":"tag-latviesu-valoda","26":"tag-latviesuvaloda","27":"tag-latvija","28":"tag-lv","29":"tag-news","30":"tag-popularakas-zinas","31":"tag-popularakaszinas","32":"tag-rigas-pilsetas-tiesa","33":"tag-top-stories","34":"tag-topstories","35":"tag-zinas"},"share_on_mastodon":{"url":"https:\/\/pubeurope.com\/@lv\/115628672508611238","error":""},"_links":{"self":[{"href":"https:\/\/www.europesays.com\/lv\/wp-json\/wp\/v2\/posts\/60881","targetHints":{"allow":["GET"]}}],"collection":[{"href":"https:\/\/www.europesays.com\/lv\/wp-json\/wp\/v2\/posts"}],"about":[{"href":"https:\/\/www.europesays.com\/lv\/wp-json\/wp\/v2\/types\/post"}],"author":[{"embeddable":true,"href":"https:\/\/www.europesays.com\/lv\/wp-json\/wp\/v2\/users\/2"}],"replies":[{"embeddable":true,"href":"https:\/\/www.europesays.com\/lv\/wp-json\/wp\/v2\/comments?post=60881"}],"version-history":[{"count":0,"href":"https:\/\/www.europesays.com\/lv\/wp-json\/wp\/v2\/posts\/60881\/revisions"}],"wp:featuredmedia":[{"embeddable":true,"href":"https:\/\/www.europesays.com\/lv\/wp-json\/wp\/v2\/media\/60882"}],"wp:attachment":[{"href":"https:\/\/www.europesays.com\/lv\/wp-json\/wp\/v2\/media?parent=60881"}],"wp:term":[{"taxonomy":"category","embeddable":true,"href":"https:\/\/www.europesays.com\/lv\/wp-json\/wp\/v2\/categories?post=60881"},{"taxonomy":"post_tag","embeddable":true,"href":"https:\/\/www.europesays.com\/lv\/wp-json\/wp\/v2\/tags?post=60881"}],"curies":[{"name":"wp","href":"https:\/\/api.w.org\/{rel}","templated":true}]}}