{"id":60911,"date":"2025-11-28T20:01:11","date_gmt":"2025-11-28T20:01:11","guid":{"rendered":"https:\/\/www.europesays.com\/lv\/60911\/"},"modified":"2025-11-28T20:01:11","modified_gmt":"2025-11-28T20:01:11","slug":"drama-sauda-arabijas-rallija-furmo-sanem-sodu-sesks-francis-atgriezas-liderpozicija-apollo-lv","status":"publish","type":"post","link":"https:\/\/www.europesays.com\/lv\/60911\/","title":{"rendered":"Dr\u0101ma Sa\u016bda Ar\u0101bijas rallij\u0101: Furmo sa\u0146em sodu \u2013 Sesks\/Francis atgrie\u017eas l\u012bderpoz\u012bcij\u0101 &#8211; Apollo.lv"},"content":{"rendered":"<ol>\n<li><a href=\"https:\/\/news.google.com\/rss\/articles\/CBMiswFBVV95cUxOMV9DdGdxTGhCSEJnSmcyZVUwMUQwVW8tVzBBajl4LUlYdGwybTliT29nSGs3M2tMaVFaVkN1Q2F0NWtSMldGdkVpdjNIb2FTem5RamtabDNzTjhHX0RreXMybVhyMlN5dWo0RnM4RmZMaXZkRzdGTF9GRVRuSEkzbmpzZUkyNkJ5UE5UUVV5VlRfSTBCYXJVRDY3UE93YmxQRjJuazZNaDdxVVVOTEd5akRPdw?oc=5\" target=\"_blank\" rel=\"nofollow noopener\">Dr\u0101ma Sa\u016bda Ar\u0101bijas rallij\u0101: Furmo sa\u0146em sodu \u2013 Sesks\/Francis atgrie\u017eas l\u012bderpoz\u012bcij\u0101<\/a>&nbsp;&nbsp;Apollo.lv<\/li>\n<li><a href=\"https:\/\/news.google.com\/rss\/articles\/CBMi5wFBVV95cUxNWTdjV2dIVG5weTFIY3U4alotSkhMV2lRM2h3Uzc3WmwwRGgtVU5aZVc3Q1Z1TURMYTloeklWaTVsWDJ5RWQzekZyQlRWWS1iRXRLbm9vcFF5WGpGSU9TcFhtRmRTMU5JaEdKd0dmR1NLeEVKdWxNX2JqN2x4Z21YNWlia0tVbktnZEUtYVpyWHpael8ybDJTYk9YRTV4ZGhTb2YzRHpRcmFnT1FZQVEyaGJZWkNxWGZTSDVBME11MFc4OHNic0cycG5fQnRsS1FNU0lGQzJOdEtrMFZoUHc4aFppU19SRzA?oc=5\" target=\"_blank\" rel=\"nofollow noopener\">Sesks p\u0113c konkurenta soda Sa\u016bda Ar\u0101bijas rallij\u0101 negaid\u012bti atgrie\u017eas WRC posma vad\u012bb\u0101 \/ Raksts<\/a>&nbsp;&nbsp;LSM<\/li>\n<li><a href=\"https:\/\/news.google.com\/rss\/articles\/CBMimwFBVV95cUxQQW51dnZhRDIyOU9YeGtoUjlsQXk4UXRET3h2WTRETTlTMWZVMUNIODI4MklKMHZ4Q3g5UTJ3Wlc5dkpMOENEUjk5TjBScU52bC16NlhSaVV0S1U4OHpfeGhoWnRmeVB2V1ZuTUFfV3NCUzBBNUYyTU1jS0plaWhHQ0Jmemk1Y1hqTDA5dE92dnlrMC1GYzI5SkZQRQ?oc=5\" target=\"_blank\" rel=\"nofollow noopener\">Formo sa\u0146em sodu, Sesks\/Francis jaunie rallija l\u012bderi!<\/a>&nbsp;&nbsp;Go4speed<\/li>\n<li><a href=\"https:\/\/news.google.com\/rss\/articles\/CBMimwFBVV95cUxPdEc0WVd0T3N5cEJKWi13a2lSSDEtY2t3V2FlYUdyVGZaYS03VVlCZTFTUm1vUTRacUlPVlBzR3lRbHFINUV0QmVOdW5IQ1VDc1BoUzRKc2xLMm9FVFAxdmhUS0RQdG80c1N0TlFGMUc3NThZZmd3UGpkSWpWRDEyMFVKakJLSHVwaXdqMS1SWVQ1VDVxU25IOXc5WQ?oc=5\" target=\"_blank\" rel=\"nofollow noopener\">Sesks: &#8220;\u0160\u0101ds \u0101trums pa\u0161iem ir p\u0101rsteigums&#8221; \u2013 Motoru sports<\/a>&nbsp;&nbsp;Sportacentrs.com<\/li>\n<li><a href=\"https:\/\/news.google.com\/rss\/articles\/CBMitwFBVV95cUxNUjljblhEU1ZaQmkyUXJuallJdEtCZXVrc3FtVDdkbTZzVmtxZVpCTEJkeEdNUXg4TnplRVFkODFSN0g1YWM0M0FwWWpPMlA4QTM2WVRXcW9MWEVFMVZRU2ZqOVlVX0M5R0FHUm9QWF9EakIzTHNsa0UxWHZTNnJfallHaFJNTGJhVVRDZlMzdTVnYlM0X2UzeVh0VnBFdDU0NkpPZEFlMkx6VWprY3hyOEVCalRGY3c?oc=5\" target=\"_blank\" rel=\"nofollow noopener\">Sesks k\u013c\u016bst par vicel\u012bderi: sekundes desmitda\u013ca l\u012bdz v\u0113l vienam triumfam WRC \u0101trumposm\u0101<\/a>&nbsp;&nbsp;Apollo.lv<\/li>\n<\/ol>\n","protected":false},"excerpt":{"rendered":"Dr\u0101ma Sa\u016bda Ar\u0101bijas rallij\u0101: Furmo sa\u0146em sodu \u2013 Sesks\/Francis atgrie\u017eas l\u012bderpoz\u012bcij\u0101&nbsp;&nbsp;Apollo.lv Sesks p\u0113c konkurenta soda Sa\u016bda Ar\u0101bijas rallij\u0101&hellip;\n","protected":false},"author":2,"featured_media":60912,"comment_status":"","ping_status":"","sticky":false,"template":"","format":"standard","meta":{"footnotes":""},"categories":[5],"tags":[23,28,29,32,33,22,30,31,35,39,38,36,37,34,40,282,20,26,27,8204,3431,24,25,5675,21],"class_list":{"0":"post-60911","1":"post","2":"type-post","3":"status-publish","4":"format-standard","5":"has-post-thumbnail","7":"category-aktualitates","8":"tag-aktualitates","9":"tag-breaking-news","10":"tag-breakingnews","11":"tag-featured-news","12":"tag-featurednews","13":"tag-headlines","14":"tag-latest-news","15":"tag-latestnews","16":"tag-latvia","17":"tag-latvian","18":"tag-latviesu","19":"tag-latviesu-valoda","20":"tag-latviesuvaloda","21":"tag-latvija","22":"tag-lv","23":"tag-martins-sesks","24":"tag-news","25":"tag-popularakas-zinas","26":"tag-popularakaszinas","27":"tag-renars-francis","28":"tag-sauda-arabija","29":"tag-top-stories","30":"tag-topstories","31":"tag-wrc","32":"tag-zinas"},"share_on_mastodon":{"url":"https:\/\/pubeurope.com\/@lv\/115629108967022853","error":""},"_links":{"self":[{"href":"https:\/\/www.europesays.com\/lv\/wp-json\/wp\/v2\/posts\/60911","targetHints":{"allow":["GET"]}}],"collection":[{"href":"https:\/\/www.europesays.com\/lv\/wp-json\/wp\/v2\/posts"}],"about":[{"href":"https:\/\/www.europesays.com\/lv\/wp-json\/wp\/v2\/types\/post"}],"author":[{"embeddable":true,"href":"https:\/\/www.europesays.com\/lv\/wp-json\/wp\/v2\/users\/2"}],"replies":[{"embeddable":true,"href":"https:\/\/www.europesays.com\/lv\/wp-json\/wp\/v2\/comments?post=60911"}],"version-history":[{"count":0,"href":"https:\/\/www.europesays.com\/lv\/wp-json\/wp\/v2\/posts\/60911\/revisions"}],"wp:featuredmedia":[{"embeddable":true,"href":"https:\/\/www.europesays.com\/lv\/wp-json\/wp\/v2\/media\/60912"}],"wp:attachment":[{"href":"https:\/\/www.europesays.com\/lv\/wp-json\/wp\/v2\/media?parent=60911"}],"wp:term":[{"taxonomy":"category","embeddable":true,"href":"https:\/\/www.europesays.com\/lv\/wp-json\/wp\/v2\/categories?post=60911"},{"taxonomy":"post_tag","embeddable":true,"href":"https:\/\/www.europesays.com\/lv\/wp-json\/wp\/v2\/tags?post=60911"}],"curies":[{"name":"wp","href":"https:\/\/api.w.org\/{rel}","templated":true}]}}