{"id":60963,"date":"2025-11-28T22:23:09","date_gmt":"2025-11-28T22:23:09","guid":{"rendered":"https:\/\/www.europesays.com\/lv\/60963\/"},"modified":"2025-11-28T22:23:09","modified_gmt":"2025-11-28T22:23:09","slug":"pie-turcijas-krastiem-uz-minas-uzskrejis-krievijas-enu-flotes-tankkugis","status":"publish","type":"post","link":"https:\/\/www.europesays.com\/lv\/60963\/","title":{"rendered":"Pie Turcijas krastiem uz m\u012bnas uzskr\u0113jis Krievijas \u201c\u0113nu flotes\u201d tankku\u0123is"},"content":{"rendered":"<p>Turcijas J\u016bras satiksmes p\u0101rvalde pazi\u0146oja, ka tankku\u0123\u012b, kas ku\u0123oja uz Novorosijsku ar Gambijas karogu, izc\u0113l\u0101s ugunsgr\u0113ks \u201c\u0101r\u0113jas ietekmes d\u0113\u013c\u201d, raksta Maskavas Krem\u013ca propagandas a\u0123ent\u016bra RIA Novosti. Turcijas Transporta ministrija preciz\u0113ja, ka visa apkalpe \u2013 25 cilv\u0113ki \u2013 ir evaku\u0113ta.<\/p>\n<p>Saska\u0146\u0101 ar Bloomberg datiem, tankku\u0123im \u201cKairos\u201d ir piem\u0113rotas Eiropas Savien\u012bbas un Lielbrit\u0101nijas <a href=\"https:\/\/www.tvnet.lv\/term\/556173\/sankcijas\" class=\"topicLink\" target=\"_blank\" rel=\"nofollow noopener\">sankcijas<\/a> par Krievijas naftas p\u0101rvad\u0101\u0161anu. Iepriek\u0161\u0113jo reisu \u0161is <a href=\"https:\/\/www.tvnet.lv\/term\/777538\/tankkugis\" class=\"topicLink\" target=\"_blank\" rel=\"nofollow noopener\">tankku\u0123is<\/a> veica no Krievijas ostas Novorosijskas uz Paradipu \u2013 liel\u0101ko Indijas ostu.<\/p>\n<p>Neraugoties uz to, ka \u201cKairos\u201d peld\u0113ja zem Gambijas karoga, nesen tas tika izsl\u0113gts no valsts ku\u0123u re\u0123istra par kr\u0101p\u0161anos ar sertifik\u0101tiem un t\u0101d\u0113j\u0101di tagad nav piesaist\u012bts nevienai valstij. Ar to pa\u0161u l\u0113mumu tika at\u0146emtas ties\u012bbas peld\u0113t zem Gambijas karoga ar\u012b \u201cVirat\u201d un v\u0113l 70 ku\u0123iem. P\u0113c publiski pieejam\u0101s inform\u0101cijas, \u201cKairos\u201d vair\u0101kk\u0101rt ir piest\u0101jis Krievijas, Turcijas, \u0136\u012bnas, Indijas un okup\u0113t\u0101 Krimas ost\u0101s.<\/p>\n","protected":false},"excerpt":{"rendered":"Turcijas J\u016bras satiksmes p\u0101rvalde pazi\u0146oja, ka tankku\u0123\u012b, kas ku\u0123oja uz Novorosijsku ar Gambijas karogu, izc\u0113l\u0101s ugunsgr\u0113ks \u201c\u0101r\u0113jas ietekmes&hellip;\n","protected":false},"author":2,"featured_media":60964,"comment_status":"","ping_status":"","sticky":false,"template":"","format":"standard","meta":{"footnotes":""},"categories":[14],"tags":[23,57,28,29,32,33,22,234,30,31,35,39,38,36,37,34,40,20,26,27,511,9846,24,25,2380,54,55,56,21,58],"class_list":{"0":"post-60963","1":"post","2":"type-post","3":"status-publish","4":"format-standard","5":"has-post-thumbnail","7":"category-zinas-no-arvalstim","8":"tag-aktualitates","9":"tag-arvalstim","10":"tag-breaking-news","11":"tag-breakingnews","12":"tag-featured-news","13":"tag-featurednews","14":"tag-headlines","15":"tag-krievija","16":"tag-latest-news","17":"tag-latestnews","18":"tag-latvia","19":"tag-latvian","20":"tag-latviesu","21":"tag-latviesu-valoda","22":"tag-latviesuvaloda","23":"tag-latvija","24":"tag-lv","25":"tag-news","26":"tag-popularakas-zinas","27":"tag-popularakaszinas","28":"tag-sankcijas","29":"tag-tankkugis","30":"tag-top-stories","31":"tag-topstories","32":"tag-turcija","33":"tag-world","34":"tag-world-news","35":"tag-worldnews","36":"tag-zinas","37":"tag-zinas-no-arvalstim"},"share_on_mastodon":{"url":"https:\/\/pubeurope.com\/@lv\/115629667306814206","error":""},"_links":{"self":[{"href":"https:\/\/www.europesays.com\/lv\/wp-json\/wp\/v2\/posts\/60963","targetHints":{"allow":["GET"]}}],"collection":[{"href":"https:\/\/www.europesays.com\/lv\/wp-json\/wp\/v2\/posts"}],"about":[{"href":"https:\/\/www.europesays.com\/lv\/wp-json\/wp\/v2\/types\/post"}],"author":[{"embeddable":true,"href":"https:\/\/www.europesays.com\/lv\/wp-json\/wp\/v2\/users\/2"}],"replies":[{"embeddable":true,"href":"https:\/\/www.europesays.com\/lv\/wp-json\/wp\/v2\/comments?post=60963"}],"version-history":[{"count":0,"href":"https:\/\/www.europesays.com\/lv\/wp-json\/wp\/v2\/posts\/60963\/revisions"}],"wp:featuredmedia":[{"embeddable":true,"href":"https:\/\/www.europesays.com\/lv\/wp-json\/wp\/v2\/media\/60964"}],"wp:attachment":[{"href":"https:\/\/www.europesays.com\/lv\/wp-json\/wp\/v2\/media?parent=60963"}],"wp:term":[{"taxonomy":"category","embeddable":true,"href":"https:\/\/www.europesays.com\/lv\/wp-json\/wp\/v2\/categories?post=60963"},{"taxonomy":"post_tag","embeddable":true,"href":"https:\/\/www.europesays.com\/lv\/wp-json\/wp\/v2\/tags?post=60963"}],"curies":[{"name":"wp","href":"https:\/\/api.w.org\/{rel}","templated":true}]}}