{"id":61001,"date":"2025-11-29T00:44:10","date_gmt":"2025-11-29T00:44:10","guid":{"rendered":"https:\/\/www.europesays.com\/lv\/61001\/"},"modified":"2025-11-29T00:44:10","modified_gmt":"2025-11-29T00:44:10","slug":"nacionalaja-teatri-pirmizrade-andra-kalnozola-lugai-ods-rezisora-matisa-budovska-debija-lente-lv","status":"publish","type":"post","link":"https:\/\/www.europesays.com\/lv\/61001\/","title":{"rendered":"Nacion\u0101laj\u0101 te\u0101tr\u012b pirmizr\u0101de Andra Kalnozola lugai \u00abOds\u00bb \u2013 re\u017eisora Mat\u012bsa Budovska debija\u00a0\u2014\u00a0Lente.lv"},"content":{"rendered":"<p>Jauniestud\u0113jums Nacion\u0101laj\u0101 te\u0101tr\u012b: Andra Kalnozola lugai &#8220;Ods&#8221; piev\u0113r\u0161as re\u017eisors Mat\u012bss Budovskis<\/p>\n<p>Latvijas Nacion\u0101lais te\u0101tris ar aizraut\u012bbu pied\u0101v\u0101 skat\u012bt\u0101jiem jaunu latvie\u0161u ori\u0123in\u0101ldramatur\u0123ijas darbu \u2013 iestud\u0113jumu &#8220;Ods&#8221;. \u0160\u012b gaid\u012bt\u0101 pirmizr\u0101de notiks te\u0101tra Aktieru z\u0101l\u0113, un to veido Mat\u012bss Budovskis, atz\u012bm\u0113jot savu re\u017eijas debiju Nacion\u0101laj\u0101 te\u0101tr\u012b. St\u0101sts, kas balst\u012bts uz Andra Kalnozola lugu, ir dzi\u013c\u0161 un daudzsl\u0101\u0146ains p\u0113t\u012bjums par attiec\u012bb\u0101m \u2013 gan starp cilv\u0113kiem, gan katra cilv\u0113ka iek\u0161\u0113jo pasauli. Tas aicina skat\u012bt\u0101jus doties uz ce\u013cojumu uz paties\u012bbas mekl\u0113jumiem sirre\u0101l\u0101 notikumu virpul\u012b, ko papildina Kalnozola rakstur\u012bgais aspr\u0101t\u012bgais humors un izsmalcin\u0101t\u0101 valodas izj\u016bta. Izr\u0101des pirmizr\u0101de paredz\u0113ta 4. decembr\u012b.<\/p>\n<p>Ne\u0113rtie jaut\u0101jumi un sirre\u0101las situ\u0101cijas<\/p>\n<p>Lugas &#8220;Ods&#8221; anot\u0101cija v\u0113sta par jaunu p\u0101ri, kas gatavojas kopdz\u012bvei mazpils\u0113t\u0101, ta\u010du k\u0101da vasaras nakts nejau\u0161a tik\u0161an\u0101s ar klajdoni izmaina vi\u0146u pl\u0101nus. Klaido\u0146a izmestais jaut\u0101jums par piepild\u012bta sap\u0146a noz\u012bmi k\u013c\u016bst par neaizmirstamu atbalsi pr\u0101t\u0101. Izr\u0101d\u0101s, ka p\u0101rb\u016bve nepiecie\u0161ama ne tikai dz\u012bvoklim, bet ar\u012b cilv\u0113ku priek\u0161statiem par laim\u012bgu dz\u012bvi. Pats autors Andris Kalnozols uzsver, ka lugas pamat\u0101 ir nepiecie\u0161am\u012bba uzdot jaut\u0101jumus \u2013 ne vienm\u0113r \u0113rtus un pat\u012bkamus. Vi\u0146apr\u0101t, \u0113rtie jaut\u0101jumi paredz\u0113ti tikai atbildei, ko var viegli aizmirst, savuk\u0101rt &#8220;m\u0113s esam dom\u0101ti, lai satiktos un uzdotu neaizmirstamus jaut\u0101jumus. Viens otram, un pa\u0161i sev.&#8221; \u0160\u012b filozofija atspogu\u013cojas ar\u012b Budovska re\u017eij\u0101, kas sol\u0101s pal\u012bdz\u0113t skat\u012bt\u0101jiem orient\u0113ties attiec\u012bbu labirintos, mekl\u0113jot ce\u013cu gan uz citiem, gan uz sevi.<\/p>\n<p>Budovska debija un Kalnozola rado\u0161\u0101 dzirksts<\/p>\n<p>Mat\u012bss Budovskis, kur\u0161 Nacion\u0101laj\u0101 te\u0101tr\u012b debit\u0113 k\u0101 re\u017eisors, pau\u017e lielu iedvesmu par iesp\u0113ju veidot izr\u0101di p\u0113c Kalnozola lugas. Vi\u0146\u0161 iepazin\u0101s ar Andri Kalnozo\u013cu jau 2017. gad\u0101, sp\u0113l\u0113jot savu pirmo lomu \u0101rpus Latvijas Kult\u016bras akad\u0113mijas sien\u0101m Andra re\u017eis\u0113taj\u0101 izr\u0101d\u0113 &#8220;Traktopera&#8221;. T\u0101p\u0113c \u0161\u012b sadarb\u012bba tiek uzskat\u012bta par likumsakar\u012bgu, \u012bpa\u0161i, str\u0101d\u0101jot kop\u0101 ar cilv\u0113kiem, kuri Budovskim ir biju\u0161i svar\u012bgi profesion\u0101l\u0101s karjeras laik\u0101. Andris Kalnozols ir paz\u012bstams ne tikai k\u0101 dramaturgs, bet ar\u012b k\u0101 rakstnieks un aktieris, un par savu rom\u0101nu &#8220;Kalend\u0101rs mani sauc&#8221; sa\u0146\u0113mis Latvijas Literat\u016bras gada balvu &#8220;Spilgt\u0101k\u0101 debija&#8221;. Luga &#8220;Ods&#8221; ir radusies vair\u0101ku gadu garum\u0101, un t\u0101s s\u0101kotn\u0113jais nosaukums bija &#8220;Simtais \u0137ie\u0123elis&#8221;. Darbs tiek raksturots k\u0101 sav\u0101 zi\u0146\u0101 autobiogr\u0101fisks st\u0101sts. Izr\u0101dei dots tra\u0123ikom\u0113dijas \u017eanrs, un t\u0101 sola kombin\u0113t sirre\u0101lu humoru ar dzi\u013c\u0101m p\u0101rdom\u0101m par cilv\u0113ciskaj\u0101m attiec\u012bb\u0101m.<\/p>\n<p>Komanda un tuv\u0101k\u0101s izr\u0101des<\/p>\n<p>Izr\u0101des &#8220;Ods&#8221; rado\u0161aj\u0101 komand\u0101 darboj\u0101s re\u017eisors Mat\u012bss Budovskis, dramaturgs Andris Kalnozols, scenogr\u0101fs un gaismu m\u0101kslinieks Niks Cipruss, kost\u012bmu m\u0101ksliniece L\u012bga Zepa un komponists Edgars M\u0101kens. Lom\u0101s skat\u012bt\u0101jus priec\u0113s K\u0101rlis Reijers (Aksels), Laura Sili\u0146a (Anna), Raimonds Celms (\u0122irts) un Ieva Ani\u0146a (B\u0101rmene). Papildus pirmizr\u0101dei 4. decembr\u012b, tuv\u0101k\u0101s izr\u0101des pl\u0101notas 13. decembr\u012b, k\u0101 ar\u012b 2. un 9. janv\u0101r\u012b. Lai sekotu l\u012bdzi Latvijas Nacion\u0101l\u0101 te\u0101tra jaunumiem, aicin\u0101m apmekl\u0113t te\u0101tra m\u0101jaslapu www.teatris.lv vai sekot soci\u0101lajos t\u012bklos.<\/p>\n","protected":false},"excerpt":{"rendered":"Jauniestud\u0113jums Nacion\u0101laj\u0101 te\u0101tr\u012b: Andra Kalnozola lugai &#8220;Ods&#8221; piev\u0113r\u0161as re\u017eisors Mat\u012bss Budovskis Latvijas Nacion\u0101lais te\u0101tris ar aizraut\u012bbu pied\u0101v\u0101 skat\u012bt\u0101jiem&hellip;\n","protected":false},"author":2,"featured_media":61002,"comment_status":"","ping_status":"","sticky":false,"template":"","format":"standard","meta":{"footnotes":""},"categories":[19],"tags":[16095,89,90,35,39,38,3784,36,37,34,40,15482,537,6992],"class_list":{"0":"post-61001","1":"post","2":"type-post","3":"status-publish","4":"format-standard","5":"has-post-thumbnail","7":"category-izklaide","8":"tag-andris-kalnozols","9":"tag-entertainment","10":"tag-izklaide","11":"tag-latvia","12":"tag-latvian","13":"tag-latviesu","14":"tag-latviesu-dramaturgija","15":"tag-latviesu-valoda","16":"tag-latviesuvaloda","17":"tag-latvija","18":"tag-lv","19":"tag-matiss-budovskis","20":"tag-nacionalais-teatris","21":"tag-ods"},"share_on_mastodon":{"url":"https:\/\/pubeurope.com\/@lv\/115630221791471196","error":""},"_links":{"self":[{"href":"https:\/\/www.europesays.com\/lv\/wp-json\/wp\/v2\/posts\/61001","targetHints":{"allow":["GET"]}}],"collection":[{"href":"https:\/\/www.europesays.com\/lv\/wp-json\/wp\/v2\/posts"}],"about":[{"href":"https:\/\/www.europesays.com\/lv\/wp-json\/wp\/v2\/types\/post"}],"author":[{"embeddable":true,"href":"https:\/\/www.europesays.com\/lv\/wp-json\/wp\/v2\/users\/2"}],"replies":[{"embeddable":true,"href":"https:\/\/www.europesays.com\/lv\/wp-json\/wp\/v2\/comments?post=61001"}],"version-history":[{"count":0,"href":"https:\/\/www.europesays.com\/lv\/wp-json\/wp\/v2\/posts\/61001\/revisions"}],"wp:featuredmedia":[{"embeddable":true,"href":"https:\/\/www.europesays.com\/lv\/wp-json\/wp\/v2\/media\/61002"}],"wp:attachment":[{"href":"https:\/\/www.europesays.com\/lv\/wp-json\/wp\/v2\/media?parent=61001"}],"wp:term":[{"taxonomy":"category","embeddable":true,"href":"https:\/\/www.europesays.com\/lv\/wp-json\/wp\/v2\/categories?post=61001"},{"taxonomy":"post_tag","embeddable":true,"href":"https:\/\/www.europesays.com\/lv\/wp-json\/wp\/v2\/tags?post=61001"}],"curies":[{"name":"wp","href":"https:\/\/api.w.org\/{rel}","templated":true}]}}