{"id":61005,"date":"2025-11-29T00:50:12","date_gmt":"2025-11-29T00:50:12","guid":{"rendered":"https:\/\/www.europesays.com\/lv\/61005\/"},"modified":"2025-11-29T00:50:12","modified_gmt":"2025-11-29T00:50:12","slug":"andris-erglis-aicina-apstaties-un-novertet-mirkli-ar-jauno-dziesmu-solijums-no-albuma-stasts-lente-lv","status":"publish","type":"post","link":"https:\/\/www.europesays.com\/lv\/61005\/","title":{"rendered":"Andris \u0112rglis aicina apst\u0101ties un nov\u0113rt\u0113t mirkli ar jauno dziesmu &#8220;Sol\u012bjums&#8221; no albuma &#8220;St\u0101sts&#8221;\u00a0\u2014\u00a0Lente.lv"},"content":{"rendered":"<p>Dzied\u0101t\u0101js Andris \u0112rglis turpina lutin\u0101t savus klaus\u012bt\u0101jus ar jaunumiem no gaid\u0101m\u0101 studijas albuma &#8220;St\u0101sts&#8221;, kas tiek pl\u0101nots izdot oktobra beig\u0101s. Vi\u0146a jaun\u0101kais singls, lirisk\u0101 un p\u0101rdom\u0101m bag\u0101t\u0101 dziesma &#8220;Sol\u012bjums&#8221;, ir k\u0101 emocion\u0101ls priek\u0161v\u0113stnesis gan albuma izn\u0101k\u0161anai, gan ar\u012b gaid\u0101majiem prezent\u0101cijas koncertiem. Tas ir pirmais publiskotais ska\u0146darbs no albuma p\u0113c 14 gadu ilga rado\u0161\u0101 p\u0101rtraukuma, un tas jau ir pieejams vis\u0101s popul\u0101r\u0101kaj\u0101s m\u016bzikas straum\u0113\u0161anas platform\u0101s, k\u0101 ar\u012b skan Latvijas radiostaciju \u0113ter\u0101.<\/p>\n<p>Dziesmas &#8220;Sol\u012bjums&#8221; v\u0113st\u012bjums: dz\u012bves pl\u016bdums un mirk\u013ca v\u0113rt\u012bba<\/p>\n<p>&#8220;Sol\u012bjums&#8221; ir melanholisks un dzi\u013ci personisks ska\u0146darbs, kas aicina klaus\u012bt\u0101jus apst\u0101ties un nov\u0113rt\u0113t dz\u012bves nep\u0101rtraukto pl\u016bdumu un t\u0101s nemain\u012bg\u0101s v\u0113rt\u012bbas, kuras laika gait\u0101 ieg\u016bst arvien liel\u0101ku noz\u012bmi. Dziesma atspogu\u013co b\u0113rn\u012bbas sap\u0146us un pieaugu\u0161\u0101 cilv\u0113ka atzi\u0146u, ka dz\u012bves nemit\u012bgaj\u0101 steidz\u012bgum\u0101 vissvar\u012bg\u0101k\u0101 ir un paliek m\u012blest\u012bba.<\/p>\n<p>Dziesmas idejas dzirkstele aizs\u0101k\u0101s no pa\u0161as Andra \u0112rg\u013ca rad\u012bt\u0101s melodijas. Vi\u0146\u0161 dal\u0101s sav\u0101s p\u0101rdom\u0101s par dziesmas ra\u0161anos: &#8220;Kad rad\u012bju melodiju \u0161ai dziesmai, man\u012b k\u0101du laiku jau dz\u012bvoja domas par dz\u012bvi, t\u0101s strauju rit\u0113jumu \u2013 dz\u012bve ir glu\u017ei k\u0101 strauts, kur\u0161 nekad nebeidzas un ir kust\u012bb\u0101.&#8221; \u0160\u012b metafora par nebeidzamo dz\u012bves strautu lieliski ilustr\u0113 cilv\u0113ka nemit\u012bgo virz\u012bbu uz priek\u0161u, vienlaikus aicinot apzin\u0101ties mirk\u013ca noz\u012bm\u012bgumu. Talant\u012bgais m\u016bzi\u0137is un tekstu autors M\u0101rti\u0146\u0161 Kanters \u0161o melodiju iet\u0113rpis v\u0101rdos, radot tekstu\u0101las p\u0101rdomas, kas uzrun\u0101 \u013coti personiski. \u012apa\u0161i spilgta un kodol\u012bga ir dziesmas piedzied\u0101juma rinda: &#8220;Tev pieder tikai \u0161is br\u012bdis, pat nepaman\u012bsi k\u0101 main\u012bjies gads&#8221;. \u0160ie v\u0101rdi ir sp\u0113c\u012bgs aicin\u0101jums apst\u0101ties un izbaud\u012bt pa\u0161reiz\u0113jo mirkli, jo tie\u0161i mirk\u013ci veido m\u016bsu dz\u012bves kopainu. Andris \u0112rglis piebilst, ka dziesma atg\u0101dina par b\u0113rn\u012bbas sol\u012bjumiem, ko dz\u012bves steig\u0101 bie\u017ei vien piemirstam \u2013 m\u012bl\u0113t, priec\u0101ties un dz\u012bvot patiesi.<\/p>\n<blockquote>\n<p>&#8220;Kad rad\u012bju melodiju \u0161ai dziesmai, man\u012b k\u0101du laiku jau dz\u012bvoja domas par dz\u012bvi, t\u0101s strauju rit\u0113jumu &#8211; dz\u012bve ir glu\u017ei k\u0101 strauts, kur\u0161 nekad nebeidzas un ir kust\u012bb\u0101. M\u0101rti\u0146\u0161 melodiju iet\u0113rpa v\u0101rdos, kas uzrun\u0101 \u013coti personiski. M\u0113s visi skrienam, pl\u0101nojam, tiecamies, bet reiz\u0113m aizmirstam par sol\u012bjumiem, ko esam devu\u0161i pa\u0161i sev b\u0113rn\u012bb\u0101 &#8211; m\u012bl\u0113t, priec\u0101ties, dz\u012bvot pa \u012bstam. &#8220;Sol\u012bjums&#8221; ir k\u0101 atg\u0101din\u0101jums katram pa\u0161am apst\u0101ties un nov\u0113rt\u0113t mirkli, jo tie\u0161i no mirk\u013ciem sast\u0101v visa m\u016bsu dz\u012bve. Ceru, ka tas klaus\u012bt\u0101jos rais\u012bs gai\u0161as p\u0101rdomas.&#8221;<\/p>\n<\/blockquote>\n<p>M\u016bzikas rad\u012b\u0161anas process un rado\u0161\u0101 komanda<\/p>\n<p>Muzik\u0101li dziesma &#8220;Sol\u012bjums&#8221; ir ietur\u0113ta liriskas popdziesmas stilistik\u0101, radot p\u0101rdom\u0101m iedvesmojo\u0161u un mierpilnu noska\u0146u. \u0160o atmosf\u0113ru studij\u0101 pal\u012bdz\u0113jis rad\u012bt producents J\u0101nis \u010cubars, savuk\u0101rt dziesmas miks\u0113\u0161anu un master\u0113\u0161anu veidojis J\u0101nis Kalve. \u0160\u012b rado\u0161\u0101 komanda ir nodro\u0161in\u0101jusi, ka dziesma ir ne tikai emocion\u0101li sp\u0113c\u012bga, bet ar\u012b augstas kvalit\u0101tes muzik\u0101ls baud\u012bjums, kas organiski papildin\u0101s Andra klaus\u012bt\u0101ju atska\u0146o\u0161anas sarakstus \u2013 \u012bpa\u0161i tiem, kuriem pat\u012bk aizdom\u0101ties par savu dz\u012bves g\u0101jumu.<\/p>\n<p>Albums &#8220;St\u0101sts&#8221; un gaid\u0101mie koncerti<\/p>\n<p>Albums &#8220;St\u0101sts&#8221;, kura izn\u0101k\u0161ana paredz\u0113ta oktobra beig\u0101s, sol\u0101s b\u016bt emocion\u0101ls un dzi\u013c\u0161 ce\u013cojums klaus\u012bt\u0101ja dv\u0113sel\u0113. Tas ietvers desmit Andra \u0112rg\u013ca kompon\u0113tas dziesmas, rad\u012btas sadarb\u012bb\u0101 ar talant\u012bgiem tekstu autoriem, tai skait\u0101 M\u0101rti\u0146u Kanteru, Guntaru Ra\u010du un D\u0101vi Rietumu. Gatavojoties albuma izn\u0101k\u0161anai, pl\u0101noti ar\u012b \u012bpa\u0161i prezent\u0101cijas koncerti da\u017e\u0101d\u0101s Latvijas pils\u0113t\u0101s, kas kalpos k\u0101 emocion\u0101ls ievads un iesp\u0113ja kl\u0101tien\u0113 izbaud\u012bt gan jaun\u0101s dziesmas, gan citas m\u0101kslinieka iem\u012b\u013cot\u0101s kompoz\u012bcijas. Prec\u012bz\u0101ka inform\u0101cija par albuma izn\u0101k\u0161anas datumu un koncertu norises viet\u0101m tiks izzi\u0146ota tuv\u0101kaj\u0101 laik\u0101.<\/p>\n","protected":false},"excerpt":{"rendered":"Dzied\u0101t\u0101js Andris \u0112rglis turpina lutin\u0101t savus klaus\u012bt\u0101jus ar jaunumiem no gaid\u0101m\u0101 studijas albuma &#8220;St\u0101sts&#8221;, kas tiek pl\u0101nots izdot&hellip;\n","protected":false},"author":2,"featured_media":61006,"comment_status":"","ping_status":"","sticky":false,"template":"","format":"standard","meta":{"footnotes":""},"categories":[19],"tags":[1013,89,90,309,35,39,38,194,36,37,34,40,2041,2042],"class_list":{"0":"post-61005","1":"post","2":"type-post","3":"status-publish","4":"format-standard","5":"has-post-thumbnail","7":"category-izklaide","8":"tag-andris-erglis","9":"tag-entertainment","10":"tag-izklaide","11":"tag-jauns-albums","12":"tag-latvia","13":"tag-latvian","14":"tag-latviesu","15":"tag-latviesu-muzika","16":"tag-latviesu-valoda","17":"tag-latviesuvaloda","18":"tag-latvija","19":"tag-lv","20":"tag-solijums","21":"tag-stasts"},"share_on_mastodon":{"url":"https:\/\/pubeurope.com\/@lv\/115630245415940192","error":""},"_links":{"self":[{"href":"https:\/\/www.europesays.com\/lv\/wp-json\/wp\/v2\/posts\/61005","targetHints":{"allow":["GET"]}}],"collection":[{"href":"https:\/\/www.europesays.com\/lv\/wp-json\/wp\/v2\/posts"}],"about":[{"href":"https:\/\/www.europesays.com\/lv\/wp-json\/wp\/v2\/types\/post"}],"author":[{"embeddable":true,"href":"https:\/\/www.europesays.com\/lv\/wp-json\/wp\/v2\/users\/2"}],"replies":[{"embeddable":true,"href":"https:\/\/www.europesays.com\/lv\/wp-json\/wp\/v2\/comments?post=61005"}],"version-history":[{"count":0,"href":"https:\/\/www.europesays.com\/lv\/wp-json\/wp\/v2\/posts\/61005\/revisions"}],"wp:featuredmedia":[{"embeddable":true,"href":"https:\/\/www.europesays.com\/lv\/wp-json\/wp\/v2\/media\/61006"}],"wp:attachment":[{"href":"https:\/\/www.europesays.com\/lv\/wp-json\/wp\/v2\/media?parent=61005"}],"wp:term":[{"taxonomy":"category","embeddable":true,"href":"https:\/\/www.europesays.com\/lv\/wp-json\/wp\/v2\/categories?post=61005"},{"taxonomy":"post_tag","embeddable":true,"href":"https:\/\/www.europesays.com\/lv\/wp-json\/wp\/v2\/tags?post=61005"}],"curies":[{"name":"wp","href":"https:\/\/api.w.org\/{rel}","templated":true}]}}