{"id":61009,"date":"2025-11-29T00:56:08","date_gmt":"2025-11-29T00:56:08","guid":{"rendered":"https:\/\/www.europesays.com\/lv\/61009\/"},"modified":"2025-11-29T00:56:08","modified_gmt":"2025-11-29T00:56:08","slug":"renars-kaupers-daumants-kalnins-un-ieva-kerevica-ar-liepajas-simfonisko-orkestri-aizkustinaja-skatitajus-ar-martina-brauna-dziesmam","status":"publish","type":"post","link":"https:\/\/www.europesays.com\/lv\/61009\/","title":{"rendered":"Ren\u0101rs Kaupers, Daumants Kalni\u0146\u0161 un Ieva Ker\u0113vica ar Liep\u0101jas simfonisko or\u0137estri aizkustin\u0101ja skat\u012bt\u0101jus ar M\u0101rti\u0146a Brauna dziesm\u0101m"},"content":{"rendered":"<p>Muzik\u0101ls ce\u013cojums M\u0101rti\u0146a Brauna pasaul\u0113<\/p>\n<p>Liep\u0101jas simfoniskais or\u0137estris, kop\u0101 ar vok\u0101lajiem talantiem Ren\u0101ru Kauperu, Daumantu Kalni\u0146u un Ievu Ker\u0113vicu, nesen sniedza aizraujo\u0161u koncertprogrammu \u201cM\u0101rti\u0146\u0161 Brauns. Dziesma par sp\u0113li\u201d, kas guva siltu atzin\u012bbu skat\u012bt\u0101ju vid\u016b. \u0160is muzik\u0101lais notikums, kas notika Vidzemes koncertz\u0101l\u0113 \u201cC\u0113sis\u201d un Latgales v\u0113stniec\u012bb\u0101 \u201cGors\u201d R\u0113zekn\u0113, ar savu dzi\u013cumu un emocion\u0101lo pies\u0101tin\u0101jumu sp\u0113ja aizkustin\u0101t ikvienu kl\u0101teso\u0161o.<\/p>\n<p>Atspogu\u013cojot Maestro dai\u013cradi<\/p>\n<p>Koncertprogramma \u201cM\u0101rti\u0146\u0161 Brauns. Dziesma par sp\u0113li\u201d bija velt\u012bta izcil\u0101 latvie\u0161u komponista M\u0101rti\u0146a Brauna dai\u013cradei, sniedzot iesp\u0113ju klaus\u012bt\u0101jiem izbaud\u012bt vi\u0146a melodiskos un dzi\u013cdomu pilnos ska\u0146darbus jaun\u0101 interpret\u0101cij\u0101. Liep\u0101jas simfonisk\u0101 or\u0137estra meistar\u012bba kop\u0101 ar solistu sp\u0113c\u012bgajiem vok\u0101liem rad\u012bja neaizmirstamu atmosf\u0113ru, atkl\u0101jot Brauna dziesmu pla\u0161o emocion\u0101lo diapazonu \u2013 no dv\u0113seles dzi\u013cumiem l\u012bdz pat uzmundrino\u0161iem aicin\u0101jumiem.<\/p>\n<p>Iedvesma un kop\u012bbas saj\u016bta<\/p>\n<p>Koncerti bija kas vair\u0101k nek\u0101 tikai muzik\u0101ls baud\u012bjums; tie kalpoja k\u0101 iedvesmas avots un veicin\u0101ja kop\u012bbas saj\u016btu. Klaus\u012bt\u0101ji tika aicin\u0101ti p\u0101rdom\u0101t dz\u012bves v\u0113rt\u012bbas un atrast sp\u0113ku m\u016bzik\u0101. Ren\u0101ra Kaupera, Daumanta Kalni\u0146a un Ievas Ker\u0113vicas sniegums pie\u0161\u0137\u012bra dziesm\u0101m \u012bpa\u0161u siltumu un personisku piesk\u0101rienu, savuk\u0101rt Liep\u0101jas simfoniskais or\u0137estris nodro\u0161in\u0101ja iespaid\u012bgu muzik\u0101lo pamatu, kas \u013c\u0101va katrai notij skan\u0113t ar pilnu kr\u0101\u0161\u0146umu.<\/p>\n","protected":false},"excerpt":{"rendered":"Muzik\u0101ls ce\u013cojums M\u0101rti\u0146a Brauna pasaul\u0113 Liep\u0101jas simfoniskais or\u0137estris, kop\u0101 ar vok\u0101lajiem talantiem Ren\u0101ru Kauperu, Daumantu Kalni\u0146u un Ievu&hellip;\n","protected":false},"author":2,"featured_media":61010,"comment_status":"","ping_status":"","sticky":false,"template":"","format":"standard","meta":{"footnotes":""},"categories":[19],"tags":[5536,89,16097,90,35,39,38,36,37,34,1392,40,10748,16096],"class_list":{"0":"post-61009","1":"post","2":"type-post","3":"status-publish","4":"format-standard","5":"has-post-thumbnail","7":"category-izklaide","8":"tag-daumants-kalnins","9":"tag-entertainment","10":"tag-ieva-kerevica","11":"tag-izklaide","12":"tag-latvia","13":"tag-latvian","14":"tag-latviesu","15":"tag-latviesu-valoda","16":"tag-latviesuvaloda","17":"tag-latvija","18":"tag-liepajas-simfoniskais-orkestris","19":"tag-lv","20":"tag-martins-brauns","21":"tag-renars-kaupers"},"share_on_mastodon":{"url":"https:\/\/pubeurope.com\/@lv\/115630268886248232","error":""},"_links":{"self":[{"href":"https:\/\/www.europesays.com\/lv\/wp-json\/wp\/v2\/posts\/61009","targetHints":{"allow":["GET"]}}],"collection":[{"href":"https:\/\/www.europesays.com\/lv\/wp-json\/wp\/v2\/posts"}],"about":[{"href":"https:\/\/www.europesays.com\/lv\/wp-json\/wp\/v2\/types\/post"}],"author":[{"embeddable":true,"href":"https:\/\/www.europesays.com\/lv\/wp-json\/wp\/v2\/users\/2"}],"replies":[{"embeddable":true,"href":"https:\/\/www.europesays.com\/lv\/wp-json\/wp\/v2\/comments?post=61009"}],"version-history":[{"count":0,"href":"https:\/\/www.europesays.com\/lv\/wp-json\/wp\/v2\/posts\/61009\/revisions"}],"wp:featuredmedia":[{"embeddable":true,"href":"https:\/\/www.europesays.com\/lv\/wp-json\/wp\/v2\/media\/61010"}],"wp:attachment":[{"href":"https:\/\/www.europesays.com\/lv\/wp-json\/wp\/v2\/media?parent=61009"}],"wp:term":[{"taxonomy":"category","embeddable":true,"href":"https:\/\/www.europesays.com\/lv\/wp-json\/wp\/v2\/categories?post=61009"},{"taxonomy":"post_tag","embeddable":true,"href":"https:\/\/www.europesays.com\/lv\/wp-json\/wp\/v2\/tags?post=61009"}],"curies":[{"name":"wp","href":"https:\/\/api.w.org\/{rel}","templated":true}]}}