{"id":61026,"date":"2025-11-29T02:08:07","date_gmt":"2025-11-29T02:08:07","guid":{"rendered":"https:\/\/www.europesays.com\/lv\/61026\/"},"modified":"2025-11-29T02:08:07","modified_gmt":"2025-11-29T02:08:07","slug":"davids-pret-goliatu-holivudas-stila-lente-lv","status":"publish","type":"post","link":"https:\/\/www.europesays.com\/lv\/61026\/","title":{"rendered":"D\u0101vids pret Goli\u0101tu Holivudas stil\u0101\u00a0\u2014\u00a0Lente.lv"},"content":{"rendered":"<p>Par ko ir str\u012bds?<\/p>\n<p>Holivudas zvaigzne Keitija Perija ir iesaist\u012bjusies pretrun\u012bg\u0101 tiesas pr\u0101v\u0101 pret 85 gadus vecu kara veter\u0101nu Karlu Veskottu, kur\u0161 pa\u0161laik atrodas hospis\u0101, c\u012bnoties ar progres\u0113jo\u0161u neirolo\u0123isku slim\u012bbu. Str\u012bds, kas izc\u0113lies saist\u012bb\u0101 ar nekustam\u0101 \u012bpa\u0161uma dar\u012bjumu pirms vair\u0101k nek\u0101 pieciem gadiem, ir saasin\u0101jies l\u012bdz tiesas piepras\u012bjumam par gandr\u012bz 5 miljoniem dol\u0101ru.<\/p>\n<p>Veter\u0101na vesel\u012bbas st\u0101voklis un apgalvojumi<\/p>\n<p>Karls Veskots, kur\u0161 ir 85 gadus vecs biju\u0161ais armijas dienestav\u012brs, cie\u0161 no Hantingtons slim\u012bbas, kas ir smaga un progres\u0113jo\u0161a neirolo\u0123iska saslim\u0161ana. Vi\u0146a st\u0101voklis ir tik nopietns, ka vi\u0146am nepiecie\u0161ama nep\u0101rtraukta apr\u016bpe hospis\u0101. Veskota \u0123imene apgalvo, ka vi\u0146\u0161 l\u012bgumu par \u012bpa\u0161uma p\u0101rdo\u0161anu parakst\u012bjis, atrodoties sp\u0113c\u012bgu prets\u0101pju medikamentu ietekm\u0113 un nesp\u0113jot pilnv\u0113rt\u012bgi izprast l\u012bguma saturu. \u0160\u012b situ\u0101cija ir rad\u012bjusi spriedzi vi\u0146a jau t\u0101 trauslajai vesel\u012bbai un sag\u0101d\u0101jusi iev\u0113rojamu emocion\u0101lo traumu.<\/p>\n<p>Keitijas Perijas pras\u012bbas un tiesas l\u0113mumi<\/p>\n<p>Keitija Perija un vi\u0146as toreiz\u0113jais partneris Orlando Bl\u016bms ieg\u0101d\u0101j\u0101s Veskota 15 miljonus dol\u0101ru v\u0113rt\u012bgo \u012bpa\u0161umu Montecito, Kalifornij\u0101, pirms vair\u0101k nek\u0101 pieciem gadiem. Neilgi p\u0113c dar\u012bjuma nosl\u0113g\u0161anas Veskots cent\u0101s no t\u0101 atk\u0101pties, apgalvojot, ka vi\u0146am nav bijusi ment\u0101l\u0101 kapacit\u0101te l\u012bguma parakst\u012b\u0161anai sakar\u0101 ar nesen veiktu muguras oper\u0101ciju un medikamentu lieto\u0161anu. Lai gan tiesa 2023. gada decembr\u012b nol\u0113ma Keitijas Perijas lab\u0101, konstat\u0113jot, ka nav p\u0101rliecino\u0161u pier\u0101d\u012bjumu par Veskota nesp\u0113ju dot piekri\u0161anu p\u0101rdo\u0161anai, str\u012bds turpin\u0101s. Perija tagad pieprasa papildu 5 miljonus dol\u0101ru, lai segtu zaud\u0113jumus, ko rad\u012bjis ilgais tiesved\u012bbas process, tostarp nesp\u0113ju iz\u012br\u0113t \u012bpa\u0161umu un nepiecie\u0161am\u012bbu veikt remontdarbus. Vi\u0146as pras\u012bbas ir par aptuveni 3,5 miljoniem dol\u0101ru zaud\u0113to \u012bres ie\u0146\u0113mumu un 1,3 miljoniem dol\u0101ru par uztur\u0113\u0161anu un remontu.<\/p>\n<p>Sabiedr\u012bbas reakcija un &#8220;D\u0101vida pret Goli\u0101tu&#8221; sal\u012bdzin\u0101jums<\/p>\n<p>\u0160\u012b juridisk\u0101 c\u012b\u0146a ir izrais\u012bjusi pla\u0161u rezonansi un sal\u012bdzin\u0101ma ar klasisko &#8220;D\u0101vida pret Goli\u0101tu&#8221; st\u0101stu. Daudzi sabiedr\u012bbas p\u0101rst\u0101vji un mediju koment\u0113t\u0101ji uzsver milz\u012bgo resursu un varas nel\u012bdzsvarot\u012bbu starp glob\u0101lu superzvaigzni ar neierobe\u017eot\u0101m finansi\u0101laj\u0101m un juridiskaj\u0101m iesp\u0113j\u0101m un gulo\u0161u, smagi slimo pension\u0101ru. PR strat\u0113\u0123i nor\u0101da, ka \u0161\u0101ds &#8220;miljardiera un smagi slim\u0101 v\u012bra&#8221; kontrasts rada \u013coti nelabv\u0113l\u012bgu publicit\u0101ti Keitijai Perijai, neatkar\u012bgi no tiesas sprieduma gala izn\u0101kuma. Lai gan da\u017eviet izskan viedok\u013ci, ka Perija vienk\u0101r\u0161i aizst\u0101v savas likum\u012bg\u0101s ties\u012bbas, daudzi uzskata, ka \u0161\u0101da r\u012bc\u012bba pret cilv\u0113ku hospis\u0101 ir \u0113tiska robe\u017ea p\u0101rk\u0101pums. \u0160is gad\u012bjums aktualiz\u0113 jaut\u0101jumus par slaven\u012bbu atbild\u012bbu un emp\u0101tiju pret maz\u0101k aizsarg\u0101t\u0101m person\u0101m.<\/p>\n<p>Iepriek\u0161\u0113jie str\u012bdi un juridisk\u0101 v\u0113sture<\/p>\n<p>\u0160is nav pirmais gad\u012bjums, kad Keitija Perija non\u0101k str\u012bd\u0101 par nekustamajiem \u012bpa\u0161umiem, kas saist\u012bts ar tiesved\u012bb\u0101m pret vec\u0101ka gadag\u0101juma cilv\u0113kiem. Jau iepriek\u0161 vi\u0146a bija iesaist\u012bta tiesas proces\u0101 par Losand\u017eelosas klostera p\u0101rdo\u0161anu, kur\u0101 iesaist\u012bta ar\u012b k\u0101da m\u016b\u0137ene. \u0160is precedents rada papildu jaut\u0101jumus par Perijas r\u012bc\u012bbas mode\u013ciem un vi\u0146as attieksmi pret str\u012bdiem.<\/p>\n","protected":false},"excerpt":{"rendered":"Par ko ir str\u012bds? Holivudas zvaigzne Keitija Perija ir iesaist\u012bjusies pretrun\u012bg\u0101 tiesas pr\u0101v\u0101 pret 85 gadus vecu kara&hellip;\n","protected":false},"author":2,"featured_media":61027,"comment_status":"","ping_status":"","sticky":false,"template":"","format":"standard","meta":{"footnotes":""},"categories":[19],"tags":[16101,89,1105,6451,90,16100,16099,6667,35,39,38,36,37,34,40,16102,4139,5889],"class_list":{"0":"post-61026","1":"post","2":"type-post","3":"status-publish","4":"format-standard","5":"has-post-thumbnail","7":"category-izklaide","8":"tag-davids-pret-goliatu","9":"tag-entertainment","10":"tag-holivuda","11":"tag-hospiss","12":"tag-izklaide","13":"tag-kara-veterans","14":"tag-karls-veskots","15":"tag-keitija-perija","16":"tag-latvia","17":"tag-latvian","18":"tag-latviesu","19":"tag-latviesu-valoda","20":"tag-latviesuvaloda","21":"tag-latvija","22":"tag-lv","23":"tag-miljonu-prasiba","24":"tag-nekustamais-ipasums","25":"tag-tiesas-prava"},"share_on_mastodon":{"url":"https:\/\/pubeurope.com\/@lv\/115630552081288526","error":""},"_links":{"self":[{"href":"https:\/\/www.europesays.com\/lv\/wp-json\/wp\/v2\/posts\/61026","targetHints":{"allow":["GET"]}}],"collection":[{"href":"https:\/\/www.europesays.com\/lv\/wp-json\/wp\/v2\/posts"}],"about":[{"href":"https:\/\/www.europesays.com\/lv\/wp-json\/wp\/v2\/types\/post"}],"author":[{"embeddable":true,"href":"https:\/\/www.europesays.com\/lv\/wp-json\/wp\/v2\/users\/2"}],"replies":[{"embeddable":true,"href":"https:\/\/www.europesays.com\/lv\/wp-json\/wp\/v2\/comments?post=61026"}],"version-history":[{"count":0,"href":"https:\/\/www.europesays.com\/lv\/wp-json\/wp\/v2\/posts\/61026\/revisions"}],"wp:featuredmedia":[{"embeddable":true,"href":"https:\/\/www.europesays.com\/lv\/wp-json\/wp\/v2\/media\/61027"}],"wp:attachment":[{"href":"https:\/\/www.europesays.com\/lv\/wp-json\/wp\/v2\/media?parent=61026"}],"wp:term":[{"taxonomy":"category","embeddable":true,"href":"https:\/\/www.europesays.com\/lv\/wp-json\/wp\/v2\/categories?post=61026"},{"taxonomy":"post_tag","embeddable":true,"href":"https:\/\/www.europesays.com\/lv\/wp-json\/wp\/v2\/tags?post=61026"}],"curies":[{"name":"wp","href":"https:\/\/api.w.org\/{rel}","templated":true}]}}