{"id":61030,"date":"2025-11-29T02:32:07","date_gmt":"2025-11-29T02:32:07","guid":{"rendered":"https:\/\/www.europesays.com\/lv\/61030\/"},"modified":"2025-11-29T02:32:07","modified_gmt":"2025-11-29T02:32:07","slug":"klaja-nacis-erika-esenvalda-saksofonmuzikas-albums-gratitude-lente-lv","status":"publish","type":"post","link":"https:\/\/www.europesays.com\/lv\/61030\/","title":{"rendered":"Klaj\u0101 n\u0101cis \u0112rika E\u0161envalda saksofonm\u016bzikas albums &#8220;Gratitude&#8221;\u00a0\u2014\u00a0Lente.lv"},"content":{"rendered":"<p>Jaunums m\u016bzikas pasaul\u0113: \u0112rika E\u0161envalda saksofonm\u016bzikas albums &#8220;Gratitude&#8221;<\/p>\n<p>Nesen izdots ilgi gaid\u012btais \u0112rika E\u0161envalda saksofonm\u016bzikas albums ar nosaukumu &#8220;Gratitude&#8221;. \u0160is muzik\u0101lais d\u0101rgums, ko rad\u012bjis talant\u012bgais saksofonists Oskars Petrauskis, izdots neatkar\u012bg\u0101s izdevniec\u012bbas &#8220;Prima Classic&#8221; pasp\u0101rn\u0113. Albums ir k\u0101 siltas, sirsn\u012bgas pateic\u012bbas v\u0113stule dz\u012bvei, cilv\u0113kiem un m\u016bzikai, apliecinot komponista \u0112rika E\u0161envalda neizm\u0113rojamo talantu un saksofonista Oskara Petrauska virtuozo meistar\u012bbu.<\/p>\n<p>Muzik\u0101l\u0101 ce\u013cojuma dzi\u013cums un emocion\u0101l\u0101 bag\u0101t\u012bba<\/p>\n<p>\u0112rika E\u0161envalda dai\u013crad\u0113 vienm\u0113r vijies \u012bpa\u0161s skaistums, m\u012btiskums un gar\u012bgums, radot darbus, kas aizskar dv\u0113seles dzi\u013c\u0101kos sl\u0101\u0146us. &#8220;Gratitude&#8221; nav iz\u0146\u0113mums \u2013 katrs ska\u0146darbs album\u0101 ir k\u0101 meistardarbs, kas valdzina ar unik\u0101l\u0101m melodij\u0101m, bag\u0101t\u012bg\u0101m harmonisk\u0101m p\u0101rmai\u0146\u0101m un aizraujo\u0161u ritmisko spriegumu. Komponista neaizst\u0101jamais rokraksts \u013cauj rad\u012bt m\u016bziku, kas ne tikai aizkustina, bet ar\u012b aicina uz dzi\u013c\u0101m p\u0101rdom\u0101m par dz\u012bves j\u0113gu un v\u0113rt\u012bb\u0101m. \u0112riks E\u0161envalds ir komponists, kura iedvesma bie\u017ei vien rodama \u0101rpus taust\u0101m\u0101s pasaules \u2013 dabas t\u0113lain\u012bb\u0101, v\u0113sturisku le\u0123endu pasaul\u0113, zvaig\u017e\u0146ot\u0101s debess nosl\u0113pumos un sakr\u0101lu piered\u017eu klusaj\u0101 savi\u013c\u0146ojum\u0101. Vi\u0146a m\u016bzik\u0101 savijas zieme\u013cnieciska gaisma, mitolo\u0123iski st\u0101sti un pl\u016bsto\u0161s melodiskums, radot ainavisku telpiskuma izj\u016btu, kas klaus\u012bt\u0101ju ved ce\u013cojum\u0101 no ikdieni\u0161\u0137\u0101 uz bezgal\u012bgo, no pasaul\u012bg\u0101 uz transcendent\u0101lo. Vi\u0146a ska\u0146darbus caurstr\u0101vo vertik\u0101la muzik\u0101l\u0101 virz\u012bba, kas klaus\u012bt\u0101ju aizvedina \u0101rpus ierast\u0101.<\/p>\n<p>Oskara Petrauska interpret\u0101cijas burv\u012bba<\/p>\n<p>Saksofonists Oskars Petrauskis, kur\u0161 \u0161im albumam ir velt\u012bjis savu profesion\u0101lo un emocion\u0101lo sniegumu, pie\u0161\u0137ir E\u0161envalda ska\u0146darbiem \u012bpa\u0161u dz\u012bv\u012bgumu un jutekliskumu. Vi\u0146a tehnisk\u0101 meistar\u012bba un dzi\u013c\u0101 izpratne par E\u0161envalda m\u016bzikas nians\u0113m \u013cauj katram ska\u0146darbam atdz\u012bvoties piln\u0101 kr\u0101\u0161\u0146um\u0101. Petrauska sniegums ir ne tikai nevainojams tehniski, bet ar\u012b emocion\u0101li bag\u0101ts, radot int\u012bmu dialogu starp m\u016bzi\u0137i un klaus\u012bt\u0101ju. E\u0161envalds par sadarb\u012bbu ar Petrauski saka: &#8220;Oskars n\u0101k ar savu kosmosu un skaidru muzik\u0101lo v\u012bziju \u2013 katra fr\u0101ze vi\u0146am ir apzin\u0101ti veidota, ar prec\u012bzu intensit\u0101ti un noska\u0146u. Vi\u0146\u0161 ir izcils profesion\u0101lis ar apbr\u012bnojam\u0101m improviz\u0101cijas sp\u0113j\u0101m \u2013 ne tikai izpilda, bet ar\u012b rada st\u0101stu.&#8221; Petrauskis pats par \u0161o projektu izsak\u0101s: &#8220;Savu dz\u012bvi veltu saksofonam, tas mani ir daudz kurp aizvedis un daudz ko iem\u0101c\u012bjis, un es \u013coti v\u0113los nodot t\u0101l\u0101k kaut ko \u013coti kvalitat\u012bvu, nevis kvantitat\u012bvu.&#8221; Vi\u0146a interpret\u0101cija pie\u0161\u0137ir katrai fr\u0101zei \u012bpa\u0161u kr\u0101su, izj\u016btu un savdab\u012bbu, kas uzrun\u0101 klaus\u012bt\u0101ju.<\/p>\n<p>Iev\u0113rojami m\u016bzi\u0137i un Liep\u0101jas Simfoniskais or\u0137estris<\/p>\n<p>Albuma ierakst\u0101 piedal\u012bju\u0161ies vair\u0101ki izcili latvie\u0161u m\u016bzi\u0137i, papildinot ska\u0146darbu skan\u0113jumu ar savu talantu un profesionalit\u0101ti. Starp tiem ir \u0113r\u0123elniece Liene Andreta Kalnciema un dzied\u0101t\u0101ja Marina Rebeka. \u012apa\u0161u v\u0113rienu un svin\u012bgumu albumam pie\u0161\u0137ir Liep\u0101jas Simfoniskais or\u0137estris britu diri\u0123enta Daglasa Bostoka vad\u012bb\u0101. Kop\u0101 ar or\u0137estri Petrauskis ieska\u0146ojis \u0112rika E\u0161envalda saksofonkoncertu &#8220;Arktikas v\u012bzijas. J\u016bra&#8221;. \u0160is koncerts, ko E\u0161envalds savulaik rad\u012bjis tie\u0161i Petrauskim, savulaik piedz\u012bvoja savu pasaules pirmatska\u0146ojumu 28. Liep\u0101jas Starptautiskaj\u0101 zvaig\u017e\u0146u festiv\u0101l\u0101. &#8220;Arktikas v\u012bzijas. J\u016bra&#8221; ir tre\u0161\u0101 da\u013ca E\u0161envalda trilo\u0123ij\u0101, kas velt\u012bta zieme\u013cu dabas, folkloras un cilv\u0113cisk\u0101s pieredzes mijiedarb\u012bbai. Komponists guvis iedvesmu sav\u0101 eksped\u012bcij\u0101 uz Arktikas re\u0123ionu, kas kalpojusi par pamatu visiem cikla darbiem, tostarp klarnetes koncertam &#8220;Arktikas nakts v\u012bzijas&#8221; un multimedi\u0101lajai simfonijai &#8220;Zieme\u013cu gaismas&#8221;. Liep\u0101jas Simfoniskais or\u0137estris ir piedal\u012bjies ar\u012b \u0161\u012bs trilo\u0123ijas iepriek\u0161\u0113jo da\u013cu pirmatska\u0146ojumos, apliecinot ilggad\u0113ju sadarb\u012bbu un savstarp\u0113ju muzik\u0101lu sapratni.<\/p>\n<p>&#8220;Prima Classic&#8221; un Oskara Petrauska sadarb\u012bbas aug\u013ci<\/p>\n<p>Neatkar\u012bg\u0101 izdevniec\u012bba &#8220;Prima Classic&#8221; ir iecien\u012bta ar savu ap\u0146em\u0161anos atbalst\u012bt jaunus un talant\u012bgus m\u0101ksliniekus, nodro\u0161inot vi\u0146iem platformu savu darbu izplat\u012b\u0161anai vis\u0101 pasaul\u0113. Sadarb\u012bba ar \u0112riku E\u0161envaldu un Oskaru Petrauski ir k\u0101 apliecin\u0101jums izdevniec\u012bbas augstajiem kvalit\u0101tes standartiem un v\u0113lmei iepaz\u012bstin\u0101t pasauli ar izcilu latvie\u0161u m\u016bziku. &#8220;Gratitude&#8221; albums ir ne tikai muzik\u0101ls sasniegums, bet ar\u012b apliecin\u0101jums ilgsto\u0161ai un augl\u012bgai Petrauska un E\u0161envalda sadarb\u012bbai, kuras laik\u0101 rad\u012bts jauns un v\u0113rt\u012bgs repertu\u0101rs saksofonam. \u0160is ieraksts ir v\u0113l viens solis Oskara Petrauska iespaid\u012bgaj\u0101 karjer\u0101, demonstr\u0113jot vi\u0146a izcil\u012bbu E\u0161envalda darbu interpret\u0101cij\u0101 un apliecinot vi\u0146a k\u0101 vienas no spo\u017e\u0101kaj\u0101m Latvijas saksofonistu person\u012bb\u0101m statusu.<\/p>\n","protected":false},"excerpt":{"rendered":"Jaunums m\u016bzikas pasaul\u0113: \u0112rika E\u0161envalda saksofonm\u016bzikas albums &#8220;Gratitude&#8221; Nesen izdots ilgi gaid\u012btais \u0112rika E\u0161envalda saksofonm\u016bzikas albums ar nosaukumu&hellip;\n","protected":false},"author":2,"featured_media":61031,"comment_status":"","ping_status":"","sticky":false,"template":"","format":"standard","meta":{"footnotes":""},"categories":[19],"tags":[89,1380,15925,90,35,39,38,36,37,34,40,15924,15927,15926],"class_list":{"0":"post-61030","1":"post","2":"type-post","3":"status-publish","4":"format-standard","5":"has-post-thumbnail","7":"category-izklaide","8":"tag-entertainment","9":"tag-eriks-esenvalds","10":"tag-gratitude","11":"tag-izklaide","12":"tag-latvia","13":"tag-latvian","14":"tag-latviesu","15":"tag-latviesu-valoda","16":"tag-latviesuvaloda","17":"tag-latvija","18":"tag-lv","19":"tag-oskars-petrauskis","20":"tag-prima-classic","21":"tag-saksofonmuzika"},"share_on_mastodon":{"url":"https:\/\/pubeurope.com\/@lv\/115630646395228691","error":""},"_links":{"self":[{"href":"https:\/\/www.europesays.com\/lv\/wp-json\/wp\/v2\/posts\/61030","targetHints":{"allow":["GET"]}}],"collection":[{"href":"https:\/\/www.europesays.com\/lv\/wp-json\/wp\/v2\/posts"}],"about":[{"href":"https:\/\/www.europesays.com\/lv\/wp-json\/wp\/v2\/types\/post"}],"author":[{"embeddable":true,"href":"https:\/\/www.europesays.com\/lv\/wp-json\/wp\/v2\/users\/2"}],"replies":[{"embeddable":true,"href":"https:\/\/www.europesays.com\/lv\/wp-json\/wp\/v2\/comments?post=61030"}],"version-history":[{"count":0,"href":"https:\/\/www.europesays.com\/lv\/wp-json\/wp\/v2\/posts\/61030\/revisions"}],"wp:featuredmedia":[{"embeddable":true,"href":"https:\/\/www.europesays.com\/lv\/wp-json\/wp\/v2\/media\/61031"}],"wp:attachment":[{"href":"https:\/\/www.europesays.com\/lv\/wp-json\/wp\/v2\/media?parent=61030"}],"wp:term":[{"taxonomy":"category","embeddable":true,"href":"https:\/\/www.europesays.com\/lv\/wp-json\/wp\/v2\/categories?post=61030"},{"taxonomy":"post_tag","embeddable":true,"href":"https:\/\/www.europesays.com\/lv\/wp-json\/wp\/v2\/tags?post=61030"}],"curies":[{"name":"wp","href":"https:\/\/api.w.org\/{rel}","templated":true}]}}