{"id":61034,"date":"2025-11-29T02:38:23","date_gmt":"2025-11-29T02:38:23","guid":{"rendered":"https:\/\/www.europesays.com\/lv\/61034\/"},"modified":"2025-11-29T02:38:23","modified_gmt":"2025-11-29T02:38:23","slug":"riga-atklats-restorans-ma-ma-bistro-apvienojot-latviesu-dveseli-ar-francu-sarmu-lente-lv","status":"publish","type":"post","link":"https:\/\/www.europesays.com\/lv\/61034\/","title":{"rendered":"R\u012bg\u0101 atkl\u0101ts restor\u0101ns &#8220;Ma M\u00e0 Bistro&#8221;, apvienojot latvie\u0161u dv\u0113seli ar fran\u010du \u0161armu\u00a0\u2014\u00a0Lente.lv"},"content":{"rendered":"<p>Jauna gastronomijas zvaigzne R\u012bgas sird\u012b: Atkl\u0101ts restor\u0101ns &#8220;Ma M\u00e0 Bistro&#8221;<\/p>\n<p>R\u012bgas dinamiskaj\u0101 centr\u0101, Blauma\u0146a iel\u0101 9, durvis v\u0113ris jauns un intri\u0123\u0113jo\u0161s gastronomijas galam\u0113r\u0137is \u2013 restor\u0101ns &#8220;Ma M\u00e0 Bistro&#8221;. \u0160is unik\u0101lais pied\u0101v\u0101jums apvieno divas pasaules, radot harmonisku siner\u0123iju starp latvie\u0161u m\u0101jas virtuves sildo\u0161o dv\u0113seliskumu un fran\u010du bistro vieglumu, eleganci un izsmalcin\u0101t\u012bbu. &#8220;Ma M\u00e0 Bistro&#8221; ir vair\u0101k nek\u0101 tikai restor\u0101ns; t\u0101 ir vieta, kur katrs \u0113diens st\u0101sta st\u0101stu, radot neaizmirstamu pieredzi gan viet\u0113jiem gard\u0113\u017eiem, gan pils\u0113tas viesiem.<\/p>\n<p>Viesi un atmosf\u0113ra atkl\u0101\u0161anas vakar\u0101<\/p>\n<p>Restor\u0101na atkl\u0101\u0161anas pas\u0101kums pulc\u0113ja R\u012bgas sabiedr\u012bbas kr\u0113jumu \u2013 stil\u012bgus un zino\u0161us r\u012bdziniekus, k\u0101 ar\u012b sabiedr\u012bb\u0101 paz\u012bstamas person\u012bbas, kuri v\u0113l\u0113j\u0101s b\u016bt da\u013ca no \u0161\u012b jaun\u0101 gastronomisk\u0101 notikuma. Gaisotne bija sv\u0113tku pilna, apvienojot intelektu\u0101lu sarunu pl\u016bdumu ar smalk\u0101m gar\u0161\u0101m un baud\u012bjumu. \u0160is vakars apliecin\u0101ja, ka &#8220;Ma M\u00e0 Bistro&#8221; jau no pa\u0161a s\u0101kuma ir k\u013cuvis par gaid\u012btu tik\u0161an\u0101s vietu, kur\u0101 apvienojas kult\u016bra, stils un izcil\u012bbas mekl\u0113jumi.<\/p>\n<p>Virtuves filozofija: B\u0113rn\u012bbas siltums fran\u010du gaum\u0113<\/p>\n<p>&#8220;Ma M\u00e0 Bistro&#8221; virtuve ir k\u0101 ce\u013cojums laika ma\u0161\u012bn\u0101, kas ved atpaka\u013c uz b\u0113rn\u012bbas omul\u012bgajiem sv\u0113tdienas pusdienlaikiem, kur \u0113diena smar\u017ea vien sp\u0113ja rad\u012bt \u012bpa\u0161u sv\u0113tku saj\u016btu. Taj\u0101 pa\u0161\u0101 laik\u0101 t\u0101 ir pies\u0101tin\u0101ta ar fran\u010du virtuves rakstur\u012bgo vieglumu un eleganci. \u0160\u012b kombin\u0101cija rada \u0113dienus, kas ir gan s\u0101t\u012bgi un dzi\u013ci latviski, gan ar\u012b viegli un piem\u0113roti jebkuram gad\u012bjumam. Restor\u0101na interjers, kas r\u016bp\u012bgi izstr\u0101d\u0101ts, atspogu\u013co \u0161o divu kult\u016bru \u2013 latvie\u0161u m\u0101j\u012bguma un fran\u010du \u0161arma \u2013 harmonisko mijiedarb\u012bbu. T\u0101 ir aicino\u0161a un relaks\u0113jo\u0161a vide, kas lieliski piem\u0113rota gan nesteidz\u012bg\u0101m pusdien\u0101m, gan romantisk\u0101m vakari\u0146\u0101m, pied\u0101v\u0101jot unik\u0101lu atmosf\u0113ru, kur\u0101 ikviens var justies m\u0101j\u012bgi un \u012bpa\u0161i.<\/p>\n<p>\u0160efpav\u0101ra Art\u016bra Ta\u0161kana redz\u0113jums<\/p>\n<p>Par restor\u0101na kulin\u0101ro dv\u0113seli ir k\u013cuvis talant\u012bgais \u0161efpav\u0101rs Art\u016brs Ta\u0161kans, kura vad\u012bb\u0101 tiek rad\u012bti \u0113dieni, kas sp\u0113j p\u0101rsteigt un iepriecin\u0101t pat vispras\u012bg\u0101kos gard\u0113\u017eus. Vi\u0146a filozofija balst\u0101s uz augst\u0101k\u0101s kvalit\u0101tes, bie\u017ei vien viet\u0113jiem un sezon\u0101liem produktiem, radot \u0113dienus, kas ir ne tikai gar\u0161\u012bgi, bet ar\u012b vesel\u012bgi un videi draudz\u012bgi. &#8220;Ma M\u00e0 Bistro&#8221; ir vieta, kur latvie\u0161u virtuves pamatv\u0113rt\u012bbas \u2013 god\u012bgums, kvalit\u0101te un sirds siltums \u2013 tiek izceltas jaun\u0101, modern\u0101 un izsmalcin\u0101t\u0101 veidol\u0101, papildinot R\u012bgas gastronomisko pied\u0101v\u0101jumu ar svaig\u0101m idej\u0101m un neatk\u0101rtojam\u0101m gar\u0161u kombin\u0101cij\u0101m.<\/p>\n","protected":false},"excerpt":{"rendered":"Jauna gastronomijas zvaigzne R\u012bgas sird\u012b: Atkl\u0101ts restor\u0101ns &#8220;Ma M\u00e0 Bistro&#8221; R\u012bgas dinamiskaj\u0101 centr\u0101, Blauma\u0146a iel\u0101 9, durvis v\u0113ris&hellip;\n","protected":false},"author":2,"featured_media":61035,"comment_status":"","ping_status":"","sticky":false,"template":"","format":"standard","meta":{"footnotes":""},"categories":[19],"tags":[89,16105,90,16104,35,39,38,36,4504,37,34,40,16103,16106],"class_list":{"0":"post-61034","1":"post","2":"type-post","3":"status-publish","4":"format-standard","5":"has-post-thumbnail","7":"category-izklaide","8":"tag-entertainment","9":"tag-francu-bistro","10":"tag-izklaide","11":"tag-jauns-restorans-riga","12":"tag-latvia","13":"tag-latvian","14":"tag-latviesu","15":"tag-latviesu-valoda","16":"tag-latviesu-virtuve","17":"tag-latviesuvaloda","18":"tag-latvija","19":"tag-lv","20":"tag-ma-ma-bistro","21":"tag-rigas-gastronomija"},"share_on_mastodon":{"url":"https:\/\/pubeurope.com\/@lv\/115630670059624753","error":""},"_links":{"self":[{"href":"https:\/\/www.europesays.com\/lv\/wp-json\/wp\/v2\/posts\/61034","targetHints":{"allow":["GET"]}}],"collection":[{"href":"https:\/\/www.europesays.com\/lv\/wp-json\/wp\/v2\/posts"}],"about":[{"href":"https:\/\/www.europesays.com\/lv\/wp-json\/wp\/v2\/types\/post"}],"author":[{"embeddable":true,"href":"https:\/\/www.europesays.com\/lv\/wp-json\/wp\/v2\/users\/2"}],"replies":[{"embeddable":true,"href":"https:\/\/www.europesays.com\/lv\/wp-json\/wp\/v2\/comments?post=61034"}],"version-history":[{"count":0,"href":"https:\/\/www.europesays.com\/lv\/wp-json\/wp\/v2\/posts\/61034\/revisions"}],"wp:featuredmedia":[{"embeddable":true,"href":"https:\/\/www.europesays.com\/lv\/wp-json\/wp\/v2\/media\/61035"}],"wp:attachment":[{"href":"https:\/\/www.europesays.com\/lv\/wp-json\/wp\/v2\/media?parent=61034"}],"wp:term":[{"taxonomy":"category","embeddable":true,"href":"https:\/\/www.europesays.com\/lv\/wp-json\/wp\/v2\/categories?post=61034"},{"taxonomy":"post_tag","embeddable":true,"href":"https:\/\/www.europesays.com\/lv\/wp-json\/wp\/v2\/tags?post=61034"}],"curies":[{"name":"wp","href":"https:\/\/api.w.org\/{rel}","templated":true}]}}