{"id":61041,"date":"2025-11-29T03:32:09","date_gmt":"2025-11-29T03:32:09","guid":{"rendered":"https:\/\/www.europesays.com\/lv\/61041\/"},"modified":"2025-11-29T03:32:09","modified_gmt":"2025-11-29T03:32:09","slug":"afrikas-muzikas-karaliene-umu-sangare-atklaj-liela-dzintara-jubilejas-festivalu-liepaja-lente-lv","status":"publish","type":"post","link":"https:\/\/www.europesays.com\/lv\/61041\/","title":{"rendered":"\u0100frikas m\u016bzikas karaliene Umu Sangar\u0113 atkl\u0101j &#8220;Liel\u0101 dzintara&#8221; jubilejas festiv\u0101lu Liep\u0101j\u0101\u00a0\u2014\u00a0Lente.lv"},"content":{"rendered":"<p>Liep\u0101jas Koncertz\u0101le &#8220;Lielais dzintars&#8221; Svin Jubileju Ar \u0100frikas M\u016bzikas Le\u0123endu Umu Sangar\u0113<\/p>\n<p>Liep\u0101jas koncertz\u0101le &#8220;Lielais dzintars&#8221; \u0161oruden atz\u012bm\u0113 savu desmito past\u0101v\u0113\u0161anas gadadienu, uzs\u0101kot v\u0113rien\u012bgu jubilejas festiv\u0101lu ar pasaulslaven\u0101s \u0100frikas m\u016bzikas zvaigznes, &#8220;Grammy&#8221; balvas laure\u0101tes un cilv\u0113kties\u012bbu akt\u012bvistes Umu Sangar\u0113 uzst\u0101\u0161anos. \u0160is spo\u017eais notikums ne tikai turpina koncerts\u0113riju &#8220;Pasaule Lielaj\u0101 dzintar\u0101&#8221;, pied\u0101v\u0101jot klaus\u012bt\u0101jiem muzik\u0101lu ce\u013cojumu uz Mali, bet ar\u012b atkl\u0101j &#8220;Liel\u0101 dzintara&#8221; desmit\u0101s jubilejas svin\u012bbu virkni. Koncerts, kas notika 11. oktobr\u012b plkst. 18:00, sol\u012bja neaizmirstamu vakaru, kas piepild\u012bts ar m\u016bziku un dzi\u013c\u0101m emocij\u0101m.<\/p>\n<p>\u0100frikas M\u016bzikas Karaliene Un Cilv\u0113kties\u012bbu Akt\u012bviste<\/p>\n<p>Umu Sangar\u0113, kas paz\u012bstama ar\u012b k\u0101 &#8220;Vasulu dzied\u0101t\u0101ja&#8221;, ir m\u0101ksliniece, kuras balss skan\u0113jusi uz pasaules presti\u017e\u0101kaj\u0101m skatuv\u0113m, no Sidnejas operas nama l\u012bdz pat Londonas Karalienes Elizabetes z\u0101lei. Vi\u0146as muzik\u0101lais ce\u013cojums s\u0101k\u0101s jau agr\u0101 b\u0113rn\u012bb\u0101, uzaugot nabadz\u012bg\u0101 vid\u0113 Bamako iel\u0101s, kur piecu gadu vecum\u0101 vi\u0146as balsij piemita sp\u0113ja apburt klaus\u012bt\u0101jus. Sangar\u0113 nav tikai talant\u012bga dzied\u0101t\u0101ja; vi\u0146a ir ar\u012b drosm\u012bga cilv\u0113kties\u012bbu akt\u012bviste, kas sav\u0101s dziesm\u0101s drosm\u012bgi run\u0101 par dzimumu l\u012bdzties\u012bbu un sievie\u0161u ties\u012bb\u0101m, k\u013c\u016bstot par balsi tiem, kam bie\u017ei vien t\u0101das nav. Vi\u0146a ir iedvesmojusi t\u0101das zvaigznes k\u0101 Ali\u0161a K\u012bza un Bejons\u0113, kura fragmentu no Sangar\u0113 dziesmas &#8220;Diaraby Nene&#8221; izmantoja filmas &#8220;Karalis lauva&#8221; ska\u0146u celi\u0146\u0101.<\/p>\n<p>Vasulu M\u016bzika: Ritms Un Dv\u0113sele<\/p>\n<p>Koncert\u0101 Liep\u0101j\u0101 skan\u0113ja dziesmas no dzied\u0101t\u0101jas jaun\u0101k\u0101 albuma &#8220;Timbuktu&#8221; (2022), kuru kriti\u0137i v\u0113rt\u0113 k\u0101 vi\u0146as vissp\u0113c\u012bg\u0101ko, dzi\u013c\u0101ko un lirisk\u0101ko ierakstu l\u012bdz \u0161im. Sangar\u0113 saka: &#8220;M\u016bzika ir man\u012b. Bez t\u0101s es neesmu nekas, un nekas man to nevar at\u0146emt! Es \u0161aj\u0101 album\u0101 esmu ielikusi savu dz\u012bvi, visu savu dz\u012bvi \u2013 dz\u012bvi, kur\u0101 esmu iepazinusi badu, nabadz\u012bbu un bailes, ta\u010du \u0161odien es no t\u0101 visa ce\u013cu god\u012bbu&#8221;. Vasulu m\u016bzika, kas radusies Mali dienvidos, ir Rietum\u0101frikas tautas m\u016bzika, kuras saknes mekl\u0113jamas mednieku dziesm\u0101s un seno griotu melodij\u0101s. \u0160im \u017eanram rakstur\u012bgs sp\u0113c\u012bgs vok\u0101ls, ritmiski akcenti un se\u0161st\u012bgu arfas kamele n&#8217;goni skan\u0113jums. Sangar\u0113 tiek d\u0113v\u0113ta par \u0161\u012b \u017eanra karalieni un ir devusi iev\u0113rojamu ieguld\u012bjumu t\u0101 att\u012bst\u012bb\u0101, moderniz\u0113jot to ar bl\u016bza, folka un roka elementiem.<\/p>\n<p>Neaizmirstams M\u016bzikas Un Emociju Vakars<\/p>\n<p>Umu Sangar\u0113 karjera, kas s\u0101k\u0101s nabadz\u012bb\u0101, ir k\u013cuvusi par sp\u0113c\u012bgu st\u0101stu par neatlaid\u012bbu un talantu. Vi\u0146a ne tikai uzst\u0101jusies pasaules presti\u017e\u0101kaj\u0101s skatuv\u0113s un sadarbojusies ar t\u0101diem m\u0101ksliniekiem k\u0101 H\u0113rbijs Henkoks, Sils un P!nk, bet ar\u012b akt\u012bvi atbalsta sievietes un b\u0113rnus ar savu fondu. Vi\u0146as m\u016bzika un aizst\u0101v\u012bba par sievie\u0161u ties\u012bb\u0101m ir iedvesmojusi daudzus, padarot vi\u0146u par \u0100frikas m\u016bzikas ikonu un patiesu pasaules m\u0101kslinieci. Koncerta nosl\u0113gum\u0101 klaus\u012bt\u0101ji tika iesaist\u012bti aizraujo\u0161\u0101 afrik\u0101\u0146u deju ritm\u0101, izbaudot Vasulu m\u016bzikas dzi\u013cumu, sp\u0113ku un prieku.<\/p>\n","protected":false},"excerpt":{"rendered":"Liep\u0101jas Koncertz\u0101le &#8220;Lielais dzintars&#8221; Svin Jubileju Ar \u0100frikas M\u016bzikas Le\u0123endu Umu Sangar\u0113 Liep\u0101jas koncertz\u0101le &#8220;Lielais dzintars&#8221; \u0161oruden atz\u012bm\u0113&hellip;\n","protected":false},"author":2,"featured_media":61042,"comment_status":"","ping_status":"","sticky":false,"template":"","format":"standard","meta":{"footnotes":""},"categories":[19],"tags":[89,90,35,39,38,36,37,34,445,40,1680],"class_list":{"0":"post-61041","1":"post","2":"type-post","3":"status-publish","4":"format-standard","5":"has-post-thumbnail","7":"category-izklaide","8":"tag-entertainment","9":"tag-izklaide","10":"tag-latvia","11":"tag-latvian","12":"tag-latviesu","13":"tag-latviesu-valoda","14":"tag-latviesuvaloda","15":"tag-latvija","16":"tag-liepajas-koncertzale","17":"tag-lv","18":"tag-umu-sangare"},"share_on_mastodon":{"url":"https:\/\/pubeurope.com\/@lv\/115630882349426306","error":""},"_links":{"self":[{"href":"https:\/\/www.europesays.com\/lv\/wp-json\/wp\/v2\/posts\/61041","targetHints":{"allow":["GET"]}}],"collection":[{"href":"https:\/\/www.europesays.com\/lv\/wp-json\/wp\/v2\/posts"}],"about":[{"href":"https:\/\/www.europesays.com\/lv\/wp-json\/wp\/v2\/types\/post"}],"author":[{"embeddable":true,"href":"https:\/\/www.europesays.com\/lv\/wp-json\/wp\/v2\/users\/2"}],"replies":[{"embeddable":true,"href":"https:\/\/www.europesays.com\/lv\/wp-json\/wp\/v2\/comments?post=61041"}],"version-history":[{"count":0,"href":"https:\/\/www.europesays.com\/lv\/wp-json\/wp\/v2\/posts\/61041\/revisions"}],"wp:featuredmedia":[{"embeddable":true,"href":"https:\/\/www.europesays.com\/lv\/wp-json\/wp\/v2\/media\/61042"}],"wp:attachment":[{"href":"https:\/\/www.europesays.com\/lv\/wp-json\/wp\/v2\/media?parent=61041"}],"wp:term":[{"taxonomy":"category","embeddable":true,"href":"https:\/\/www.europesays.com\/lv\/wp-json\/wp\/v2\/categories?post=61041"},{"taxonomy":"post_tag","embeddable":true,"href":"https:\/\/www.europesays.com\/lv\/wp-json\/wp\/v2\/tags?post=61041"}],"curies":[{"name":"wp","href":"https:\/\/api.w.org\/{rel}","templated":true}]}}